{"id":10395,"date":"2023-05-25T16:04:01","date_gmt":"2023-05-25T14:04:01","guid":{"rendered":"https:\/\/meier-gerdingh.de\/wp-spd-ob\/?p=10395"},"modified":"2023-05-25T16:04:01","modified_gmt":"2023-05-25T14:04:01","slug":"spd-freut-sich-ueber-gute-entwicklung-des-sozialen-arbeitsmarkts","status":"publish","type":"post","link":"https:\/\/meier-gerdingh.de\/wp-spd-ob\/2023\/05\/25\/spd-freut-sich-ueber-gute-entwicklung-des-sozialen-arbeitsmarkts\/","title":{"rendered":"SPD freut sich \u00fcber gute Entwicklung des sozialen Arbeitsmarkts"},"content":{"rendered":"<div id=\"attachment_6411\" style=\"width: 190px\" class=\"wp-caption alignleft\"><a href=\"https:\/\/meier-gerdingh.de\/wp-spd-ob\/wp-content\/uploads\/2019\/06\/14_telli_ercan_1000.jpg\"><img aria-describedby=\"caption-attachment-6411\" decoding=\"async\" class=\"size-full wp-image-6411\" src=\"https:\/\/meier-gerdingh.de\/wp-spd-ob\/wp-content\/uploads\/2019\/06\/14_telli_ercan.jpg\" alt=\"\" width=\"180\" height=\"180\" srcset=\"https:\/\/meier-gerdingh.de\/wp-spd-ob\/wp-content\/uploads\/2019\/06\/14_telli_ercan.jpg 180w, https:\/\/meier-gerdingh.de\/wp-spd-ob\/wp-content\/uploads\/2019\/06\/14_telli_ercan-150x150.jpg 150w\" sizes=\"(max-width: 180px) 100vw, 180px\" \/><\/a><p id=\"caption-attachment-6411\" class=\"wp-caption-text\">Ercan Telli ist sozialpolitischer Sprecher der SPD-Fraktion<\/p><\/div>\n<p>Die Instrumente des Teilhabechancengesetzes haben mehr als 650 Menschen in Oberhausen eine Perspektive auf dem Arbeitsmarkt er\u00f6ffnet. So lautet das positive Fazit des Sachstandsberichtes zur lokalen Umsetzung des Gesetzes, der nun im Sozialausschuss vorgestellt worden ist. &#8222;Unsere Hartn\u00e4ckigkeit im Sinne der betroffenen Familien hat sich gelohnt&#8220;, so das Fazit des sozialpolitischen Sprechers der SPD-Ratsfraktion, Ercan Telli.<\/p>\n<p>Gemeinsam mit allen demokratischen Parteien im Rat h\u00e4tte man sich auf den Weg gemacht, das von Bundesarbeitsminister Hubertus Heil (SPD) geschaffene Instrument des sozialen Arbeitsmarktes f\u00fcr Oberhausen optimal zu nutzen. &#8222;Es war von Anfang an klar, dass wir passgenaue L\u00f6sungen brauchen mit Tarifl\u00f6hnen, Coaching und Fortbildung&#8220;, erkl\u00e4rt der Sozialpolitiker. Die Installierung der kommunalen Arbeitsmarktkonferenz entspringt ebenso diesem Gedanken wie die Identifizierung von geeigneten Arbeitsangeboten im Konzern Stadt.<!--more--><\/p>\n<p>Ein ma\u00dfgeblicher Indikator fu\u0308r die Erfolgsmessung des Instruments &#8222;Teilhabe am Arbeitsmarkt&#8220; ist der Verbleib der Teilnehmerinnen und Teilnehmern nach Ende der Fo\u0308rderung. In Oberhausen befinden sich laut Bericht 49 Prozent der Menschen, die mindestens sieben der letzten acht Jahre B\u00fcrgergeld bzw. Arbeitslosengeld II (bis Ende 2022) erhalten haben, sechs Monate nach F\u00f6rderungsschluss in einer sozialversicherungspflichtigen Bescha\u0308ftigung.<\/p>\n<p>Damit hat Oberhausen hinter M\u00fclheim (53,2%) auf Platz 2 (BO: 44%; E: 42,6%; GE: 42,4%) den zweith\u00f6chsten Vermittlungswert unter den sieben gr\u00f6\u00dften St\u00e4dten im Ruhrgebiet. Auffallend hoch sind ebenfalls die Teilnahmequoten von Alleinerziehenden (Rang 1 mit 16,6%; 2.: DU, 13,9%) und Menschen mit Behinderungen (Rang 1 mit 8,6 %; 2.: DO, 7,4%). &#8222;Es war uns von Anfang an sehr wichtig, diese Gruppen besonders im Blick zu haben, und nun zeigt sich: Es ist gelungen&#8220;, so Telli.<\/p>\n<p>Die Zahl der eingerichteten Stellen im Konzern Stadt hat sich im Vergleich zum Vorjahr im Konzern Stadt leicht verbessert und liegt bei aktuell 95 Stellen. Bei der SBO, der STOAG und der EVO sind alle bzw. fast alle eingerichteten Stellen besetzt. Bei den ASO sind sechs von 14 Stellen besetzt, in der Kernverwaltung 23 von 32. Positiv hervorzuheben sei, dass die SBO vorzeitig bereits fu\u0308nf Bescha\u0308ftigte in eine Festanstellung \u00fcbernommen hat, so der Bericht.<\/p>\n","protected":false},"excerpt":{"rendered":"<p>Die Instrumente des Teilhabechancengesetzes haben mehr als 650 Menschen in Oberhausen eine Perspektive auf dem Arbeitsmarkt er\u00f6ffnet. So lautet das positive Fazit des Sachstandsberichtes zur lokalen Umsetzung des Gesetzes, der&hellip; <\/p>\n","protected":false},"author":1,"featured_media":0,"comment_status":"closed","ping_status":"closed","sticky":false,"template":"","format":"standard","meta":{"footnotes":""},"categories":[174],"tags":[3545,3543,319,740,1782,3544,1795],"quellen":[326],"class_list":["post-10395","post","type-post","status-publish","format-standard","hentry","category-arbeit-und-soziales","tag-arbeitslosengeld-ii","tag-kommunale-arbeitsmarktkonferenz","tag-sozialausschuss","tag-sozialer-arbeitsmarkt","tag-sozialversicherungspflichtige-beschaeftigung","tag-teilhabe-am-arbeitsmarkt","tag-teilhabechancengesetz","quellen-spd-fraktion-oberhausen"],"_links":{"self":[{"href":"https:\/\/meier-gerdingh.de\/wp-spd-ob\/wp-json\/wp\/v2\/posts\/10395","targetHints":{"allow":["GET"]}}],"collection":[{"href":"https:\/\/meier-gerdingh.de\/wp-spd-ob\/wp-json\/wp\/v2\/posts"}],"about":[{"href":"https:\/\/meier-gerdingh.de\/wp-spd-ob\/wp-json\/wp\/v2\/types\/post"}],"author":[{"embeddable":true,"href":"https:\/\/meier-gerdingh.de\/wp-spd-ob\/wp-json\/wp\/v2\/users\/1"}],"replies":[{"embeddable":true,"href":"https:\/\/meier-gerdingh.de\/wp-spd-ob\/wp-json\/wp\/v2\/comments?post=10395"}],"version-history":[{"count":0,"href":"https:\/\/meier-gerdingh.de\/wp-spd-ob\/wp-json\/wp\/v2\/posts\/10395\/revisions"}],"wp:attachment":[{"href":"https:\/\/meier-gerdingh.de\/wp-spd-ob\/wp-json\/wp\/v2\/media?parent=10395"}],"wp:term":[{"taxonomy":"category","embeddable":true,"href":"https:\/\/meier-gerdingh.de\/wp-spd-ob\/wp-json\/wp\/v2\/categories?post=10395"},{"taxonomy":"post_tag","embeddable":true,"href":"https:\/\/meier-gerdingh.de\/wp-spd-ob\/wp-json\/wp\/v2\/tags?post=10395"},{"taxonomy":"quellen","embeddable":true,"href":"https:\/\/meier-gerdingh.de\/wp-spd-ob\/wp-json\/wp\/v2\/quellen?post=10395"}],"curies":[{"name":"wp","href":"https:\/\/api.w.org\/{rel}","templated":true}]}}