{"id":10396,"date":"2023-05-25T16:06:09","date_gmt":"2023-05-25T14:06:09","guid":{"rendered":"https:\/\/meier-gerdingh.de\/wp-spd-ob\/?p=10396"},"modified":"2023-05-25T16:06:09","modified_gmt":"2023-05-25T14:06:09","slug":"oberhausener-spd-abgeordnete-laden-stoag-betriebsraete-in-den-landtag-ein","status":"publish","type":"post","link":"https:\/\/meier-gerdingh.de\/wp-spd-ob\/2023\/05\/25\/oberhausener-spd-abgeordnete-laden-stoag-betriebsraete-in-den-landtag-ein\/","title":{"rendered":"Oberhausener SPD-Abgeordnete laden STOAG-Betriebsr\u00e4te in den Landtag ein"},"content":{"rendered":"<div id=\"attachment_10392\" style=\"width: 710px\" class=\"wp-caption aligncenter\"><a href=\"https:\/\/meier-gerdingh.de\/wp-spd-ob\/wp-content\/uploads\/2023\/05\/stoag-betriebsraete-landtag-nrw-2023-lg.jpg\"><img aria-describedby=\"caption-attachment-10392\" decoding=\"async\" class=\"size-full wp-image-10392\" src=\"https:\/\/meier-gerdingh.de\/wp-spd-ob\/wp-content\/uploads\/2023\/05\/stoag-betriebsraete-landtag-nrw-2023.jpg\" alt=\"\" width=\"700\" height=\"467\" srcset=\"https:\/\/meier-gerdingh.de\/wp-spd-ob\/wp-content\/uploads\/2023\/05\/stoag-betriebsraete-landtag-nrw-2023.jpg 700w, https:\/\/meier-gerdingh.de\/wp-spd-ob\/wp-content\/uploads\/2023\/05\/stoag-betriebsraete-landtag-nrw-2023-300x200.jpg 300w\" sizes=\"(max-width: 700px) 100vw, 700px\" \/><\/a><p id=\"caption-attachment-10392\" class=\"wp-caption-text\">Von links: Stefan Zimkeit, Uwe de Wys, Sonja Bongers, Vedat Koca, Thorsten Kamps, Manfred Michalik und Frederick Cordes<\/p><\/div>\n<p>&#8222;Auch in Oberhausen ist die Personalnot im \u00f6ffentlichen Nahverkehr im Lebensalltag der Menschen zu sp\u00fcren&#8220;, sagte der SPD-Verkehrsexperte Frederick Cordes. Er und die Abgeordneten Sonja Bongers und Stefan Zimkeit hatten sich mit den STOAG-Betriebsr\u00e4ten Uwe de Wys, Thorsten Kamps, Manfred Michalik und Vedat Koca im Landtag getroffen.<\/p>\n<p>Wichtigstes Thema des Gespr\u00e4chs war der akute Fachkr\u00e4ftemangel und die Sicherheit der Besch\u00e4ftigten. &#8222;Wir brauchen Anreize, um die Jobs attraktiver zu machen&#8220;, betonte Sonja Bongers. Die Betriebsr\u00e4te machten deutlich, dass die Besch\u00e4ftigten im \u00d6PNV mehr Respekt vor ihrer Arbeit fordern. Beschimpfungen und andere \u00dcbergriffe d\u00fcrften nicht einfach hingenommen werden.<!--more--><\/p>\n<p>Die SPD-Abgeordneten und die Betriebsr\u00e4te waren sich einig, dass das neu eingef\u00fchrte Deutschland-Ticket nicht zulasten von Ausbau und Qualit\u00e4t gehen darf. &#8222;Der Mangel an Investitionen in die Verkehrsinfrastruktur muss dringend abgestellt werden&#8220;, sagte Stefan Zimkeit.<\/p>\n<p>Frederick Cordes erinnert, dass laut dem aktuellen Pendleratlas mehr als die H\u00e4lfte der Arbeitnehmer:innen in NRW t\u00e4glich vom Wohnort zum Job in eine andere Stadt pendelt. &#8222;Jede Sperrung des Schienen- oder Stra\u00dfennetzes in Oberhausen zeigt, dass Menschen auf ein funktionierendes Stra\u00dfennetz und einen attraktiven \u00f6ffentlichen Personennahverkehr angewiesen sind \u2013 denn ger\u00e4t die Bahn oder der Bus aus dem Takt, ger\u00e4t auch der Alltag der Menschen aus dem Takt.&#8220;<\/p>\n<p>Die Oberhausener Abgeordneten bedankten sich f\u00fcr das Gespr\u00e4ch, das am Rande eines Empfangs der SPD-Fraktion stattfand, und versprachen, den Austausch zu k\u00fcnftig zu vertiefen.<\/p>\n","protected":false},"excerpt":{"rendered":"<p>&#8222;Auch in Oberhausen ist die Personalnot im \u00f6ffentlichen Nahverkehr im Lebensalltag der Menschen zu sp\u00fcren&#8220;, sagte der SPD-Verkehrsexperte Frederick Cordes. Er und die Abgeordneten Sonja Bongers und Stefan Zimkeit hatten&hellip; <\/p>\n","protected":false},"author":1,"featured_media":0,"comment_status":"closed","ping_status":"closed","sticky":false,"template":"","format":"standard","meta":{"footnotes":""},"categories":[174,216,3070],"tags":[3432,762,2586,55,3548,3318,287,3546,3547],"quellen":[2806,1317,331],"class_list":["post-10396","post","type-post","status-publish","format-standard","hentry","category-arbeit-und-soziales","category-land","category-mobilitaet","tag-deutschland-ticket","tag-fachkraeftemangel","tag-oeffentlicher-personennahverkehr","tag-oepnv","tag-pendleratlas","tag-pendlerinnen-und-pendler","tag-stoag","tag-stoag-betriebsraete","tag-verkehrsinfrastruktur","quellen-mdl-frederick-cordes","quellen-mdl-sonja-bongers","quellen-mdl-stefan-zimkeit"],"_links":{"self":[{"href":"https:\/\/meier-gerdingh.de\/wp-spd-ob\/wp-json\/wp\/v2\/posts\/10396","targetHints":{"allow":["GET"]}}],"collection":[{"href":"https:\/\/meier-gerdingh.de\/wp-spd-ob\/wp-json\/wp\/v2\/posts"}],"about":[{"href":"https:\/\/meier-gerdingh.de\/wp-spd-ob\/wp-json\/wp\/v2\/types\/post"}],"author":[{"embeddable":true,"href":"https:\/\/meier-gerdingh.de\/wp-spd-ob\/wp-json\/wp\/v2\/users\/1"}],"replies":[{"embeddable":true,"href":"https:\/\/meier-gerdingh.de\/wp-spd-ob\/wp-json\/wp\/v2\/comments?post=10396"}],"version-history":[{"count":0,"href":"https:\/\/meier-gerdingh.de\/wp-spd-ob\/wp-json\/wp\/v2\/posts\/10396\/revisions"}],"wp:attachment":[{"href":"https:\/\/meier-gerdingh.de\/wp-spd-ob\/wp-json\/wp\/v2\/media?parent=10396"}],"wp:term":[{"taxonomy":"category","embeddable":true,"href":"https:\/\/meier-gerdingh.de\/wp-spd-ob\/wp-json\/wp\/v2\/categories?post=10396"},{"taxonomy":"post_tag","embeddable":true,"href":"https:\/\/meier-gerdingh.de\/wp-spd-ob\/wp-json\/wp\/v2\/tags?post=10396"},{"taxonomy":"quellen","embeddable":true,"href":"https:\/\/meier-gerdingh.de\/wp-spd-ob\/wp-json\/wp\/v2\/quellen?post=10396"}],"curies":[{"name":"wp","href":"https:\/\/api.w.org\/{rel}","templated":true}]}}