{"id":10397,"date":"2023-05-26T19:58:29","date_gmt":"2023-05-26T17:58:29","guid":{"rendered":"https:\/\/meier-gerdingh.de\/wp-spd-ob\/?p=10397"},"modified":"2023-05-26T19:58:29","modified_gmt":"2023-05-26T17:58:29","slug":"schwarz-gruene-landesregierung-lehnt-kita-rettungspaket-ab","status":"publish","type":"post","link":"https:\/\/meier-gerdingh.de\/wp-spd-ob\/2023\/05\/26\/schwarz-gruene-landesregierung-lehnt-kita-rettungspaket-ab\/","title":{"rendered":"Schwarz-gr\u00fcne Landesregierung lehnt Kita-Rettungspaket ab"},"content":{"rendered":"<div id=\"attachment_9529\" style=\"width: 170px\" class=\"wp-caption alignleft\"><a href=\"https:\/\/meier-gerdingh.de\/wp-spd-ob\/wp-content\/uploads\/2022\/10\/zimkeit-stefan-22-lg.jpg\"><img aria-describedby=\"caption-attachment-9529\" decoding=\"async\" class=\"size-full wp-image-9529\" src=\"https:\/\/meier-gerdingh.de\/wp-spd-ob\/wp-content\/uploads\/2022\/10\/zimkeit-stefan-22.jpg\" alt=\"\" width=\"160\" height=\"200\" \/><\/a><p id=\"caption-attachment-9529\" class=\"wp-caption-text\">Stefan Zimkeit ist Landtagsabgeordneter f\u00fcr Oberhausen-Sterkrade und finanzpolitischer Sprecher der SPD-Landtagsfraktion<\/p><\/div>\n<p>&#8222;Den Kitas fehlt an allen Ecken und Enden das Geld&#8220;, sagt der Sterkrader Abgeordnete Stefan Zimkeit. &#8222;Doch die schwarz-gr\u00fcne Landesregierung schaut trotz des drohenden Kollaps tatenlos zu.&#8220; Der SPD-Finanzexperte weist darauf hin, dass wegen der Tarifabschl\u00fcsse die L\u00f6hne der Erzieherinnen und Erzieher deutlich ansteigen. &#8222;Das ist wichtig, damit der Beruf attraktiv bleibt und dem Fachkr\u00e4ftemangel begegnet wird. Doch die Kosten dieser Lohnerh\u00f6hung m\u00fcssen von den Kita-Tr\u00e4gern auch finanziert werden k\u00f6nnen.&#8220;<!--more--><\/p>\n<p>Stefan Zimkeit bef\u00fcrchtet, dass einige Tr\u00e4gerverb\u00e4nde sich gezwungen sehen k\u00f6nnten, aus den Tarifl\u00f6hnen auszusteigen und weniger zu bezahlen. &#8222;Dadurch werden sie allerdings noch mehr Schwierigkeiten bekommen, qualifiziertes Personal zu halten und neue Kr\u00e4fte zu bekommen.&#8220; Das gehe dann zu Lasten der Kinder, die auf gute Betreuungs- und Bildungsangebote angewiesen sind. &#8222;Au\u00dferdem fehlen bereits jetzt landesweit 100.000 Kindergarten-Pl\u00e4tze. Auch in Oberhausen klagen viele Eltern \u00fcber ein mangelndes Angebot.&#8220;<\/p>\n<p>Stefan Zimkeit war deshalb Mitautor eines Kita-Rettungspaketes, das 500 Millionen Euro umfasst. Dieses ist im Landtag jedoch mit den Stimmen von CDU und Gr\u00fcnen abgelehnt worden.<\/p>\n","protected":false},"excerpt":{"rendered":"<p>&#8222;Den Kitas fehlt an allen Ecken und Enden das Geld&#8220;, sagt der Sterkrader Abgeordnete Stefan Zimkeit. &#8222;Doch die schwarz-gr\u00fcne Landesregierung schaut trotz des drohenden Kollaps tatenlos zu.&#8220; Der SPD-Finanzexperte weist&hellip; <\/p>\n","protected":false},"author":1,"featured_media":0,"comment_status":"closed","ping_status":"closed","sticky":false,"template":"","format":"standard","meta":{"footnotes":""},"categories":[179,216],"tags":[2004,762,168,605,3552,604,3550,3461,165,1752,3551],"quellen":[331],"class_list":["post-10397","post","type-post","status-publish","format-standard","hentry","category-kinder-und-jugendliche","category-land","tag-erzieherinnen-und-erzieher","tag-fachkraeftemangel","tag-kinderbetreuung","tag-kindergaerten","tag-kindergarten-plaetze","tag-kindertagesstaetten","tag-kita-rettungspaket","tag-kita-traeger","tag-kitas","tag-ktes","tag-traegerverbaende","quellen-mdl-stefan-zimkeit"],"_links":{"self":[{"href":"https:\/\/meier-gerdingh.de\/wp-spd-ob\/wp-json\/wp\/v2\/posts\/10397","targetHints":{"allow":["GET"]}}],"collection":[{"href":"https:\/\/meier-gerdingh.de\/wp-spd-ob\/wp-json\/wp\/v2\/posts"}],"about":[{"href":"https:\/\/meier-gerdingh.de\/wp-spd-ob\/wp-json\/wp\/v2\/types\/post"}],"author":[{"embeddable":true,"href":"https:\/\/meier-gerdingh.de\/wp-spd-ob\/wp-json\/wp\/v2\/users\/1"}],"replies":[{"embeddable":true,"href":"https:\/\/meier-gerdingh.de\/wp-spd-ob\/wp-json\/wp\/v2\/comments?post=10397"}],"version-history":[{"count":0,"href":"https:\/\/meier-gerdingh.de\/wp-spd-ob\/wp-json\/wp\/v2\/posts\/10397\/revisions"}],"wp:attachment":[{"href":"https:\/\/meier-gerdingh.de\/wp-spd-ob\/wp-json\/wp\/v2\/media?parent=10397"}],"wp:term":[{"taxonomy":"category","embeddable":true,"href":"https:\/\/meier-gerdingh.de\/wp-spd-ob\/wp-json\/wp\/v2\/categories?post=10397"},{"taxonomy":"post_tag","embeddable":true,"href":"https:\/\/meier-gerdingh.de\/wp-spd-ob\/wp-json\/wp\/v2\/tags?post=10397"},{"taxonomy":"quellen","embeddable":true,"href":"https:\/\/meier-gerdingh.de\/wp-spd-ob\/wp-json\/wp\/v2\/quellen?post=10397"}],"curies":[{"name":"wp","href":"https:\/\/api.w.org\/{rel}","templated":true}]}}