{"id":1041,"date":"2013-03-12T17:00:00","date_gmt":"2013-03-12T15:00:00","guid":{"rendered":"http:\/\/www.meier-gerdingh.de\/spd-oberhausen\/wp\/?p=1041"},"modified":"2013-03-12T17:00:00","modified_gmt":"2013-03-12T15:00:00","slug":"vorstand-der-spd-oberhausen-traf-sich-zur-klausur","status":"publish","type":"post","link":"https:\/\/meier-gerdingh.de\/wp-spd-ob\/2013\/03\/12\/vorstand-der-spd-oberhausen-traf-sich-zur-klausur\/","title":{"rendered":"Vorstand der SPD Oberhausen traf sich zur Klausur"},"content":{"rendered":"<p><div style=\"width: 170px\" class=\"wp-caption alignleft\"><a href=\"http:\/\/meier-gerdingh.de\/wp-spd-ob\/wp-content\/uploads\/ub_vorstandsklausur_2013.jpg\"><img decoding=\"async\" src=\"http:\/\/meier-gerdingh.de\/wp-spd-ob\/wp-content\/uploads\/ub_vorstandsklausur_2013.jpg\"  width=\"160\" height=\"200\" alt=\"Die Mitglieder des UB-Vorstands trafen sich am Samstag zu ihrer Jahresklausur\" class=\"size-full\" \/><\/a><p class=\"wp-caption-text\">Die Mitglieder des UB-Vorstands trafen sich am Samstag zu ihrer Jahresklausur<\/p><\/div>Bundestagswahl, Kommunal- und Europawahl, Arbeitsprogramm? &#8222;Eine Klausur ist dazu da, sich intensiv mit anstehenden Herausforderungen auseinanderzusetzen, aber auch (Zwischen-)Bilanz zu ziehen. Das haben wir auch dieses Jahr wieder getan&#8220;, erz\u00e4hlt der Vorsitzende der SPD Oberhausen Michael Groschek. Denn es steht eine Menge an: &#8222;Zum einen haben wir uns der aus unserer Sicht sehr engen Verzahnung der Bundestagswahl 2013 und der Kommunalwahl 2014 gewidmet&#8220;, berichtet Dirk V\u00f6pel, SPD-Bundestagskandidat f\u00fcr Oberhausen und Dinslaken, &#8222;denn f\u00fcr uns ist es eine Richtungswahl. Ganz einfach gesagt: Wenn dieses Jahr rot-gr\u00fcn an die Macht kommt, dann geht es auch den Kommunen besser und wir werden es hier in Oberhausen ganz deutlich merken. Wir m\u00fcssen in Berlin daf\u00fcr Sorge tragen, dass der Bund die Soziallasten der Kommunen auff\u00e4ngt, denn er hat die Verantwortung daf\u00fcr.&#8220;<!--more--><\/p>\n<p>Nat\u00fcrlich laufen auch die organisatorischen Planungen f\u00fcr den kommenden Wahlkampf: &#8222;Unter anderem wollen wir gerne allen Genossinnen und Genossen in den beiden St\u00e4dten die Chance geben, die Positionen aus dem nun vorgestellten Regierungsprogramm nicht nur zu lesen, sondern auch zu diskutieren und so fit zu werden f\u00fcr die Infost\u00e4nde und die hei\u00dfe Phase. Hierzu sind spezielle Workshops in Planung.&#8220;<\/p>\n<p>Doch nicht nur nach vorne blickten die Vorstandsmitglieder: &#8222;Wir haben auch Zwischenbilanz bei der Umsetzung unseres Arbeitsprogramms &#8218;Partei der guten Hoffnung&#8216; gezogen und festgestellt: Wir haben uns viel vorgenommen, schon viel gemacht, haben aber auch noch einiges vor der Brust&#8220;, stellt der stellvertretende Vorsitzende Bernhard Elsemann fest. &#8222;Zu den Vorhaben geh\u00f6ren insbesondere die Weiterentwicklung unserer Stadt unter sich st\u00e4ndig \u00e4ndernden Rahmenbedingungen.&#8220; Aber auch Einzelprojekte wie ein Kulturforum, das viele unterschiedliche Multiplikatoren der Szene mit einbeziehen soll. Ein Projekt von mehreren, welches nicht bei Parteigrenzen Halt macht, sondern viele B\u00fcrgerinnen und B\u00fcrger mit ihren Erfahrungen einl\u00e4dt.<\/p>\n<p>Aber auch die Auseinandersetzung mit dem Zukunftsprojekt &#8222;Metropole Ruhr&#8220; wurde besonders vor dem Novellierungsvorhaben des RVR-Gesetzes lebhaft diskutiert. &#8222;Bei diesem Punkt stellten wir fest, dass wir uns ein st\u00e4dte\u00fcbergreifendes Gemeinschaftsgef\u00fchl w\u00fcnschen, wir uns aber von der eigenen Haust\u00fcr l\u00f6sen und zur Metropolregion aufmachen m\u00fcssen. Noch viele Prozesse von der Infrastruktur bis zur Kultur sind mit zu gestalten?, so die zweite stellvertretende Vorsitzende Elia Albrecht-Mainz. Ein erster Schritt soll die weitere Intensivierung der Zusammenarbeit mit der Nachbarstadt Dinslaken sein. Michael Groschek dazu: ?Nicht nur in Wahlzeiten wollen wir nun noch mehr auf die Dinslakener zugehen und somit schon im Kleinen regionale Kooperationen weiter pflegen.&#8220;<\/p>\n<p>Sich um die eigene Heimatstadt weiter k\u00fcmmern ? auch das ist ein Ziel, dass die Teilnehmerinnen und Teilnehmer der Klausur immer wieder erreichen wollen. &#8222;Wir werden uns bestehender Probleme annehmen und konzentriert und l\u00f6sungsorientiert daran arbeiten; hier hoffen wir in starkem Ma\u00dfe auf das Mittun Oberhausener B\u00fcrgerinnen und B\u00fcrger.&#8220;<\/p>\n","protected":false},"excerpt":{"rendered":"<p>Bundestagswahl, Kommunal- und Europawahl, Arbeitsprogramm? &#8222;Eine Klausur ist dazu da, sich intensiv mit anstehenden Herausforderungen auseinanderzusetzen, aber auch (Zwischen-)Bilanz zu ziehen. Das haben wir auch dieses Jahr wieder getan&#8220;, erz\u00e4hlt&hellip; <\/p>\n","protected":false},"author":1,"featured_media":0,"comment_status":"closed","ping_status":"closed","sticky":false,"template":"","format":"standard","meta":{"footnotes":""},"categories":[],"tags":[],"quellen":[],"class_list":["post-1041","post","type-post","status-publish","format-standard","hentry"],"_links":{"self":[{"href":"https:\/\/meier-gerdingh.de\/wp-spd-ob\/wp-json\/wp\/v2\/posts\/1041","targetHints":{"allow":["GET"]}}],"collection":[{"href":"https:\/\/meier-gerdingh.de\/wp-spd-ob\/wp-json\/wp\/v2\/posts"}],"about":[{"href":"https:\/\/meier-gerdingh.de\/wp-spd-ob\/wp-json\/wp\/v2\/types\/post"}],"author":[{"embeddable":true,"href":"https:\/\/meier-gerdingh.de\/wp-spd-ob\/wp-json\/wp\/v2\/users\/1"}],"replies":[{"embeddable":true,"href":"https:\/\/meier-gerdingh.de\/wp-spd-ob\/wp-json\/wp\/v2\/comments?post=1041"}],"version-history":[{"count":0,"href":"https:\/\/meier-gerdingh.de\/wp-spd-ob\/wp-json\/wp\/v2\/posts\/1041\/revisions"}],"wp:attachment":[{"href":"https:\/\/meier-gerdingh.de\/wp-spd-ob\/wp-json\/wp\/v2\/media?parent=1041"}],"wp:term":[{"taxonomy":"category","embeddable":true,"href":"https:\/\/meier-gerdingh.de\/wp-spd-ob\/wp-json\/wp\/v2\/categories?post=1041"},{"taxonomy":"post_tag","embeddable":true,"href":"https:\/\/meier-gerdingh.de\/wp-spd-ob\/wp-json\/wp\/v2\/tags?post=1041"},{"taxonomy":"quellen","embeddable":true,"href":"https:\/\/meier-gerdingh.de\/wp-spd-ob\/wp-json\/wp\/v2\/quellen?post=1041"}],"curies":[{"name":"wp","href":"https:\/\/api.w.org\/{rel}","templated":true}]}}