{"id":10414,"date":"2023-06-08T19:31:41","date_gmt":"2023-06-08T17:31:41","guid":{"rendered":"https:\/\/meier-gerdingh.de\/wp-spd-ob\/?p=10414"},"modified":"2023-06-08T19:31:41","modified_gmt":"2023-06-08T17:31:41","slug":"baerenklau-im-ruhrpark-die-alstadener-spd-schlaegt-alarm","status":"publish","type":"post","link":"https:\/\/meier-gerdingh.de\/wp-spd-ob\/2023\/06\/08\/baerenklau-im-ruhrpark-die-alstadener-spd-schlaegt-alarm\/","title":{"rendered":"B\u00e4renklau im Ruhrpark \u2013 Die Alstadener SPD schl\u00e4gt Alarm!"},"content":{"rendered":"<div id=\"attachment_10412\" style=\"width: 710px\" class=\"wp-caption aligncenter\"><a href=\"https:\/\/meier-gerdingh.de\/wp-spd-ob\/wp-content\/uploads\/2023\/06\/ov-west-baerenklau-ruhrpark-lg.jpg\"><img aria-describedby=\"caption-attachment-10412\" decoding=\"async\" class=\"size-full wp-image-10412\" src=\"https:\/\/meier-gerdingh.de\/wp-spd-ob\/wp-content\/uploads\/2023\/06\/ov-west-baerenklau-ruhrpark.jpg\" alt=\"\" width=\"700\" height=\"517\" srcset=\"https:\/\/meier-gerdingh.de\/wp-spd-ob\/wp-content\/uploads\/2023\/06\/ov-west-baerenklau-ruhrpark.jpg 700w, https:\/\/meier-gerdingh.de\/wp-spd-ob\/wp-content\/uploads\/2023\/06\/ov-west-baerenklau-ruhrpark-300x222.jpg 300w\" sizes=\"(max-width: 700px) 100vw, 700px\" \/><\/a><p id=\"caption-attachment-10412\" class=\"wp-caption-text\">Stadtverordnete Dagmar Heitmann mit Enkelin Mia und der Alstadener B\u00fcrgerin Heike K\u00fclzer<\/p><\/div>\n<p>Auf Hinweis von Alstadener B\u00fcrgerinnen im Rahmen eines &#8222;Stadtteilgespr\u00e4chs&#8220; der SPD fand in dieser Woche ein Ortstermin der Sozialdemokraten im Ruhrpark statt. Dabei hat sich eine schlimme Bef\u00fcrchtung best\u00e4tigt: Der Riesenb\u00e4renklau, auch als Herkulesstaude bekannt, der sich bereits \u00fcber weite Teile der Alstadener Ruhrwiesen ausgebreitet hat, w\u00e4chst nun auch im Ruhrpark. Der Kontakt mit der Staude kann bei Mensch und Tier zu Verbrennungen und Atembeschwerden f\u00fchren.<\/p>\n<p>&#8222;Ein kleiner Bewuchs l\u00e4sst sich nach unserem Kenntnisstand ganz gut beheben,&#8220; wei\u00df Dagmar Heitmann von der Alstadener SPD. Deshalb hat sich die Stadtverordnete direkt mit dem st\u00e4dtischen Umweltamt und der hier zust\u00e4ndigen SBO in Verbindung gesetzt \u2013 mit Erfolg! SBO-Mitarbeiter wollen den Bewuchs kurzfristig begutachten und handeln.<!--more--><\/p>\n<p>&#8222;Der Ruhrpark ist als gr\u00fcne Lunge und als Erholungsort von \u00fcberragenden Bedeutung f\u00fcr die B\u00fcrgerinnen und B\u00fcrger Alstadens und der umliegenden Stadtteile. Deshalb muss eine Ausbreitung des B\u00e4renklaus innerhalb des Parkgel\u00e4ndes zwingend verhindert werden.&#8220;<\/p>\n<p>Die Alstadener SPD wird die Entwicklung vor Ort eng begleiten.<\/p>\n","protected":false},"excerpt":{"rendered":"<p>Auf Hinweis von Alstadener B\u00fcrgerinnen im Rahmen eines &#8222;Stadtteilgespr\u00e4chs&#8220; der SPD fand in dieser Woche ein Ortstermin der Sozialdemokraten im Ruhrpark statt. Dabei hat sich eine schlimme Bef\u00fcrchtung best\u00e4tigt: Der&hellip; <\/p>\n","protected":false},"author":1,"featured_media":0,"comment_status":"closed","ping_status":"closed","sticky":false,"template":"","format":"standard","meta":{"footnotes":""},"categories":[167,29],"tags":[134,3559,3561,3560,1853,137,3222],"quellen":[335],"class_list":["post-10414","post","type-post","status-publish","format-standard","hentry","category-stadtteile","category-umwelt","tag-alstaden","tag-baerenklau","tag-herkulesstaude","tag-riesenbaerenklau","tag-ruhrpark","tag-ruhrwiesen","tag-sbo","quellen-ov-west"],"_links":{"self":[{"href":"https:\/\/meier-gerdingh.de\/wp-spd-ob\/wp-json\/wp\/v2\/posts\/10414","targetHints":{"allow":["GET"]}}],"collection":[{"href":"https:\/\/meier-gerdingh.de\/wp-spd-ob\/wp-json\/wp\/v2\/posts"}],"about":[{"href":"https:\/\/meier-gerdingh.de\/wp-spd-ob\/wp-json\/wp\/v2\/types\/post"}],"author":[{"embeddable":true,"href":"https:\/\/meier-gerdingh.de\/wp-spd-ob\/wp-json\/wp\/v2\/users\/1"}],"replies":[{"embeddable":true,"href":"https:\/\/meier-gerdingh.de\/wp-spd-ob\/wp-json\/wp\/v2\/comments?post=10414"}],"version-history":[{"count":0,"href":"https:\/\/meier-gerdingh.de\/wp-spd-ob\/wp-json\/wp\/v2\/posts\/10414\/revisions"}],"wp:attachment":[{"href":"https:\/\/meier-gerdingh.de\/wp-spd-ob\/wp-json\/wp\/v2\/media?parent=10414"}],"wp:term":[{"taxonomy":"category","embeddable":true,"href":"https:\/\/meier-gerdingh.de\/wp-spd-ob\/wp-json\/wp\/v2\/categories?post=10414"},{"taxonomy":"post_tag","embeddable":true,"href":"https:\/\/meier-gerdingh.de\/wp-spd-ob\/wp-json\/wp\/v2\/tags?post=10414"},{"taxonomy":"quellen","embeddable":true,"href":"https:\/\/meier-gerdingh.de\/wp-spd-ob\/wp-json\/wp\/v2\/quellen?post=10414"}],"curies":[{"name":"wp","href":"https:\/\/api.w.org\/{rel}","templated":true}]}}