{"id":10417,"date":"2023-06-09T12:04:48","date_gmt":"2023-06-09T10:04:48","guid":{"rendered":"https:\/\/meier-gerdingh.de\/wp-spd-ob\/?p=10417"},"modified":"2023-06-10T12:12:48","modified_gmt":"2023-06-10T10:12:48","slug":"spd-stadtteilgespraech-in-sterkrade","status":"publish","type":"post","link":"https:\/\/meier-gerdingh.de\/wp-spd-ob\/2023\/06\/09\/spd-stadtteilgespraech-in-sterkrade\/","title":{"rendered":"SPD-Stadtteilgespr\u00e4ch in Sterkrade"},"content":{"rendered":"<p>Der SPD-Ortsverein Sterkrade-S\u00fcd l\u00e4dt auch im Juni erneut alle interessierten Sterkrader B\u00fcrger und B\u00fcrgerinnen ein zum monatlichen Stadtteilgespr\u00e4ch. Es findet am <strong>Donnerstag, den 15. Juni, ab 19 Uhr im Klumpen Moritz, Bahnhofstra\u00dfe 30<\/strong>, statt.<\/p>\n<p>Der Ortsvereinsvorsitzende und Stadtverordnete Dr. J\u00f6rg Schr\u00f6er und andere Mitglieder freuen sich wieder auf einen regen politischen Austausch \u00fcber alle Themen, die den Sterkradern wichtig sind. Das Stadtteilgespr\u00e4ch bietet wie immer die M\u00f6glichkeit, Neuigkeiten \u00fcber laufende oder anstehende Projekte zu erfahren und vor allem aber auch Sorgen und Bedenken los zu werden. Dieses findet in ungezwungener Atmosph\u00e4re bei Gespr\u00e4chen auf Augenh\u00f6he statt.<!--more--><\/p>\n<p>So will der Ortsverein zeigen, dass er die Anliegen seiner Stadtteilbewohner ernst nimmt und sie bei zuk\u00fcnftigen politischen Entscheidungen ber\u00fccksichtigen wird. Der Ortsverein m\u00f6chte die Wichtigkeit einer guten politischen Arbeit in der Kommunalpolitik aufzeigen und damit die Sterkrader motivieren, sich mit und in den Parteien zu engagieren.<\/p>\n","protected":false},"excerpt":{"rendered":"<p>Der SPD-Ortsverein Sterkrade-S\u00fcd l\u00e4dt auch im Juni erneut alle interessierten Sterkrader B\u00fcrger und B\u00fcrgerinnen ein zum monatlichen Stadtteilgespr\u00e4ch. Es findet am Donnerstag, den 15. Juni, ab 19 Uhr im Klumpen&hellip; <\/p>\n","protected":false},"author":1,"featured_media":0,"comment_status":"closed","ping_status":"closed","sticky":false,"template":"","format":"standard","meta":{"footnotes":""},"categories":[167,171],"tags":[3503,1654,3499,184,46],"quellen":[338],"class_list":["post-10417","post","type-post","status-publish","format-standard","hentry","category-stadtteile","category-veranstaltungen","tag-buergergespraech","tag-stadtteilgespraech","tag-stadtteilgespraech-sterkrade","tag-stadtteilgespraeche","tag-sterkrade","quellen-ov-sterkrade-sued"],"_links":{"self":[{"href":"https:\/\/meier-gerdingh.de\/wp-spd-ob\/wp-json\/wp\/v2\/posts\/10417","targetHints":{"allow":["GET"]}}],"collection":[{"href":"https:\/\/meier-gerdingh.de\/wp-spd-ob\/wp-json\/wp\/v2\/posts"}],"about":[{"href":"https:\/\/meier-gerdingh.de\/wp-spd-ob\/wp-json\/wp\/v2\/types\/post"}],"author":[{"embeddable":true,"href":"https:\/\/meier-gerdingh.de\/wp-spd-ob\/wp-json\/wp\/v2\/users\/1"}],"replies":[{"embeddable":true,"href":"https:\/\/meier-gerdingh.de\/wp-spd-ob\/wp-json\/wp\/v2\/comments?post=10417"}],"version-history":[{"count":0,"href":"https:\/\/meier-gerdingh.de\/wp-spd-ob\/wp-json\/wp\/v2\/posts\/10417\/revisions"}],"wp:attachment":[{"href":"https:\/\/meier-gerdingh.de\/wp-spd-ob\/wp-json\/wp\/v2\/media?parent=10417"}],"wp:term":[{"taxonomy":"category","embeddable":true,"href":"https:\/\/meier-gerdingh.de\/wp-spd-ob\/wp-json\/wp\/v2\/categories?post=10417"},{"taxonomy":"post_tag","embeddable":true,"href":"https:\/\/meier-gerdingh.de\/wp-spd-ob\/wp-json\/wp\/v2\/tags?post=10417"},{"taxonomy":"quellen","embeddable":true,"href":"https:\/\/meier-gerdingh.de\/wp-spd-ob\/wp-json\/wp\/v2\/quellen?post=10417"}],"curies":[{"name":"wp","href":"https:\/\/api.w.org\/{rel}","templated":true}]}}