{"id":10419,"date":"2023-06-10T12:11:39","date_gmt":"2023-06-10T10:11:39","guid":{"rendered":"https:\/\/meier-gerdingh.de\/wp-spd-ob\/?p=10419"},"modified":"2023-06-10T12:11:39","modified_gmt":"2023-06-10T10:11:39","slug":"spd-laedt-zum-buergergespraech-am-infostand-nach-alstaden","status":"publish","type":"post","link":"https:\/\/meier-gerdingh.de\/wp-spd-ob\/2023\/06\/10\/spd-laedt-zum-buergergespraech-am-infostand-nach-alstaden\/","title":{"rendered":"SPD l\u00e4dt zum B\u00fcrgergespr\u00e4ch am Infostand nach Alstaden"},"content":{"rendered":"<p><a href=\"https:\/\/meier-gerdingh.de\/wp-spd-ob\/wp-content\/uploads\/2023\/06\/ov-west-stadtteilgespraech-23-06-17.jpg\"><img decoding=\"async\" class=\"aligncenter size-full wp-image-10418\" src=\"https:\/\/meier-gerdingh.de\/wp-spd-ob\/wp-content\/uploads\/2023\/06\/ov-west-stadtteilgespraech-23-06-17.jpg\" alt=\"\" width=\"756\" height=\"756\" srcset=\"https:\/\/meier-gerdingh.de\/wp-spd-ob\/wp-content\/uploads\/2023\/06\/ov-west-stadtteilgespraech-23-06-17.jpg 756w, https:\/\/meier-gerdingh.de\/wp-spd-ob\/wp-content\/uploads\/2023\/06\/ov-west-stadtteilgespraech-23-06-17-300x300.jpg 300w, https:\/\/meier-gerdingh.de\/wp-spd-ob\/wp-content\/uploads\/2023\/06\/ov-west-stadtteilgespraech-23-06-17-150x150.jpg 150w, https:\/\/meier-gerdingh.de\/wp-spd-ob\/wp-content\/uploads\/2023\/06\/ov-west-stadtteilgespraech-23-06-17-330x330.jpg 330w\" sizes=\"(max-width: 756px) 100vw, 756px\" \/><\/a>Der SPD-Ortsverein Oberhausen-West, zust\u00e4ndig f\u00fcr die Stadtteile Alstaden und Lirich, l\u00e4dt wieder zum B\u00fcrgerdialog. Am <strong>Samstag, 17.06.2023<\/strong>, sind die Sozialdemokraten auf der <strong>Bebelstra\u00dfe 212, H\u00f6he Nettomarkt<\/strong>, mit einem Infostand vor Ort. <strong>Zwischen 10 und 13 Uhr<\/strong> stehen unter anderem <strong>Dietmar Look<\/strong>, Stadtverordneter f\u00fcr Alstaden-West und der Alstadener SPD-Vorsitzende <strong>Alexis Heitmann<\/strong> allen Interessierten zum Gespr\u00e4ch bereit.<\/p>\n<p>Dietmar Look freut sich schon auf den Termin: &#8222;So ein Infostand ist immer eine tolle Gelegenheit, um mit B\u00fcrgerinnen und B\u00fcrgern ins Gespr\u00e4ch zu kommen. Da k\u00f6nnen wir auch mal erz\u00e4hlen, wo es im Oberhausener Westen \u00fcberall voran geht, zum Beispiel in der Sportanlage Kuhle, am Biotop an der Ruhr oder im Bonmannpark in Lirich!&#8220;, so der Kommunalpolitiker.<!--more--><\/p>\n<p>&#8222;Au\u00dferhalb von Wahlk\u00e4mpfen ist es f\u00fcr uns gar nicht so leicht, mit den Leuten ins Gespr\u00e4ch zu kommen. Deshalb machen wir das ganze Jahr \u00fcber unsere Stadtteilgespr\u00e4che und Infost\u00e4nde, damit wir zu jeder Zeit wissen, wie die Stimmung im Stadtteil ist und was die Menschen gerade besonders bewegt,&#8220; erg\u00e4nzt Alexis Heitmann.<\/p>\n","protected":false},"excerpt":{"rendered":"<p>Der SPD-Ortsverein Oberhausen-West, zust\u00e4ndig f\u00fcr die Stadtteile Alstaden und Lirich, l\u00e4dt wieder zum B\u00fcrgerdialog. Am Samstag, 17.06.2023, sind die Sozialdemokraten auf der Bebelstra\u00dfe 212, H\u00f6he Nettomarkt, mit einem Infostand vor&hellip; <\/p>\n","protected":false},"author":1,"featured_media":0,"comment_status":"closed","ping_status":"closed","sticky":false,"template":"","format":"standard","meta":{"footnotes":""},"categories":[167,171],"tags":[134,3503,3473,1671,1654,1352,184],"quellen":[335],"class_list":["post-10419","post","type-post","status-publish","format-standard","hentry","category-stadtteile","category-veranstaltungen","tag-alstaden","tag-buergergespraech","tag-buergergespraeche","tag-infostand","tag-stadtteilgespraech","tag-stadtteilgespraech-alstaden","tag-stadtteilgespraeche","quellen-ov-west"],"_links":{"self":[{"href":"https:\/\/meier-gerdingh.de\/wp-spd-ob\/wp-json\/wp\/v2\/posts\/10419","targetHints":{"allow":["GET"]}}],"collection":[{"href":"https:\/\/meier-gerdingh.de\/wp-spd-ob\/wp-json\/wp\/v2\/posts"}],"about":[{"href":"https:\/\/meier-gerdingh.de\/wp-spd-ob\/wp-json\/wp\/v2\/types\/post"}],"author":[{"embeddable":true,"href":"https:\/\/meier-gerdingh.de\/wp-spd-ob\/wp-json\/wp\/v2\/users\/1"}],"replies":[{"embeddable":true,"href":"https:\/\/meier-gerdingh.de\/wp-spd-ob\/wp-json\/wp\/v2\/comments?post=10419"}],"version-history":[{"count":0,"href":"https:\/\/meier-gerdingh.de\/wp-spd-ob\/wp-json\/wp\/v2\/posts\/10419\/revisions"}],"wp:attachment":[{"href":"https:\/\/meier-gerdingh.de\/wp-spd-ob\/wp-json\/wp\/v2\/media?parent=10419"}],"wp:term":[{"taxonomy":"category","embeddable":true,"href":"https:\/\/meier-gerdingh.de\/wp-spd-ob\/wp-json\/wp\/v2\/categories?post=10419"},{"taxonomy":"post_tag","embeddable":true,"href":"https:\/\/meier-gerdingh.de\/wp-spd-ob\/wp-json\/wp\/v2\/tags?post=10419"},{"taxonomy":"quellen","embeddable":true,"href":"https:\/\/meier-gerdingh.de\/wp-spd-ob\/wp-json\/wp\/v2\/quellen?post=10419"}],"curies":[{"name":"wp","href":"https:\/\/api.w.org\/{rel}","templated":true}]}}