{"id":1042,"date":"2013-03-12T17:00:00","date_gmt":"2013-03-12T15:00:00","guid":{"rendered":"http:\/\/www.meier-gerdingh.de\/spd-oberhausen\/wp\/?p=1042"},"modified":"2013-03-12T17:00:00","modified_gmt":"2013-03-12T15:00:00","slug":"spd-unterstuetzt-reinigungsaktion-super-sauber-oberhausen-in-schmachtendorf","status":"publish","type":"post","link":"https:\/\/meier-gerdingh.de\/wp-spd-ob\/2013\/03\/12\/spd-unterstuetzt-reinigungsaktion-super-sauber-oberhausen-in-schmachtendorf\/","title":{"rendered":"SPD unterst\u00fctzt Reinigungsaktion &#8222;Super Sauber Oberhausen&#8220; in Schmachtendorf"},"content":{"rendered":"<p><div style=\"width: 150px\" class=\"wp-caption alignleft\"><a href=\"http:\/\/meier-gerdingh.de\/wp-spd-ob\/wp-content\/uploads\/scheffler_stefan_09.jpg\"><img decoding=\"async\" src=\"http:\/\/meier-gerdingh.de\/wp-spd-ob\/wp-content\/uploads\/scheffler_stefan_09.jpg\"  width=\"140\" height=\"169\" alt=\"Stefan Scheffler ist Mitglied des Rates f\u00fcr den Wahlbezirk Schmachtendorf\" class=\"size-full\" \/><\/a><p class=\"wp-caption-text\">Stefan Scheffler ist Mitglied des Rates f\u00fcr den Wahlbezirk Schmachtendorf<\/p><\/div>Im Rahmen der j\u00e4hrlich stattfindenden Aktion &#8222;Super Sauber Oberhausen&#8220; l\u00e4dt der Schmachtendorfer SPD-Stadtverordnete Stefan Scheffler alle B\u00fcrgerinnen und B\u00fcrger ein, sich gemeinsam in einer &#8222;Aufr\u00e4um- und Saubermachaktion&#8220; um ihr Dorf zu k\u00fcmmern. Treffpunkt f\u00fcr alle Helfer der Aktion, die von 10.00 bis 14.00 Uhr durchgef\u00fchrt wird, ist am kommenden Samstag, den 16. M\u00e4rz 2013, der Brunnen auf dem Schmachtendorfer Marktplatz. Handschuhe, Signalwesten, M\u00fcllbeutel und M\u00fcllgreifer f\u00fcr die S\u00e4uberungsaktion werden gestellt.<!--more--><\/p>\n<p>Als Stadtverordneter f\u00fcr Schmachtendorf f\u00fchle ich mich unserem Stadtteil besonders verpflichtet und m\u00f6chte alle B\u00fcrger einladen, sich an dieser Aktion zu beteiligen, so Stefan Scheffler (SPD). <\/p>\n<p>&#8222;Politik ist f\u00fcr mich nicht nur Schreibtisch- und Gremienarbeit, sondern auch handfestes Anpacken vor Ort!&#8220;<\/p>\n<p>Neben der stadtweiten Verlosung im Rahmen der Aktion &#8222;Super Sauber Oberhausen&#8220;, wird unter allen Helfern am Ort auch ein &#8222;Schmachtendorfer Spezialpreis&#8220; verlost.<\/p>\n","protected":false},"excerpt":{"rendered":"<p>Im Rahmen der j\u00e4hrlich stattfindenden Aktion &#8222;Super Sauber Oberhausen&#8220; l\u00e4dt der Schmachtendorfer SPD-Stadtverordnete Stefan Scheffler alle B\u00fcrgerinnen und B\u00fcrger ein, sich gemeinsam in einer &#8222;Aufr\u00e4um- und Saubermachaktion&#8220; um ihr Dorf&hellip; <\/p>\n","protected":false},"author":1,"featured_media":0,"comment_status":"closed","ping_status":"closed","sticky":false,"template":"","format":"standard","meta":{"footnotes":""},"categories":[],"tags":[],"quellen":[],"class_list":["post-1042","post","type-post","status-publish","format-standard","hentry"],"_links":{"self":[{"href":"https:\/\/meier-gerdingh.de\/wp-spd-ob\/wp-json\/wp\/v2\/posts\/1042","targetHints":{"allow":["GET"]}}],"collection":[{"href":"https:\/\/meier-gerdingh.de\/wp-spd-ob\/wp-json\/wp\/v2\/posts"}],"about":[{"href":"https:\/\/meier-gerdingh.de\/wp-spd-ob\/wp-json\/wp\/v2\/types\/post"}],"author":[{"embeddable":true,"href":"https:\/\/meier-gerdingh.de\/wp-spd-ob\/wp-json\/wp\/v2\/users\/1"}],"replies":[{"embeddable":true,"href":"https:\/\/meier-gerdingh.de\/wp-spd-ob\/wp-json\/wp\/v2\/comments?post=1042"}],"version-history":[{"count":0,"href":"https:\/\/meier-gerdingh.de\/wp-spd-ob\/wp-json\/wp\/v2\/posts\/1042\/revisions"}],"wp:attachment":[{"href":"https:\/\/meier-gerdingh.de\/wp-spd-ob\/wp-json\/wp\/v2\/media?parent=1042"}],"wp:term":[{"taxonomy":"category","embeddable":true,"href":"https:\/\/meier-gerdingh.de\/wp-spd-ob\/wp-json\/wp\/v2\/categories?post=1042"},{"taxonomy":"post_tag","embeddable":true,"href":"https:\/\/meier-gerdingh.de\/wp-spd-ob\/wp-json\/wp\/v2\/tags?post=1042"},{"taxonomy":"quellen","embeddable":true,"href":"https:\/\/meier-gerdingh.de\/wp-spd-ob\/wp-json\/wp\/v2\/quellen?post=1042"}],"curies":[{"name":"wp","href":"https:\/\/api.w.org\/{rel}","templated":true}]}}