{"id":10438,"date":"2023-06-14T09:14:46","date_gmt":"2023-06-14T07:14:46","guid":{"rendered":"https:\/\/meier-gerdingh.de\/wp-spd-ob\/?p=10438"},"modified":"2024-06-13T14:53:16","modified_gmt":"2024-06-13T12:53:16","slug":"bkw-statt-akw-balkonkraftwerke-fuer-alle","status":"publish","type":"post","link":"https:\/\/meier-gerdingh.de\/wp-spd-ob\/2023\/06\/14\/bkw-statt-akw-balkonkraftwerke-fuer-alle\/","title":{"rendered":"BKW statt AKW &#8211; Balkonkraftwerke f\u00fcr alle"},"content":{"rendered":"<p><a href=\"https:\/\/meier-gerdingh.de\/wp-spd-ob\/wp-content\/uploads\/2023\/03\/banner-diese-woche-im-landtag-01.jpg\"><img decoding=\"async\" class=\"aligncenter size-full wp-image-10267\" src=\"https:\/\/meier-gerdingh.de\/wp-spd-ob\/wp-content\/uploads\/2023\/03\/banner-diese-woche-im-landtag-01.jpg\" alt=\"\" width=\"700\" height=\"258\" srcset=\"https:\/\/meier-gerdingh.de\/wp-spd-ob\/wp-content\/uploads\/2023\/03\/banner-diese-woche-im-landtag-01.jpg 700w, https:\/\/meier-gerdingh.de\/wp-spd-ob\/wp-content\/uploads\/2023\/03\/banner-diese-woche-im-landtag-01-300x111.jpg 300w\" sizes=\"(max-width: 700px) 100vw, 700px\" \/><\/a><\/p>\n<div id=\"attachment_7690\" style=\"width: 170px\" class=\"wp-caption alignleft\"><a href=\"https:\/\/meier-gerdingh.de\/wp-spd-ob\/wp-content\/uploads\/2020\/11\/bongers-sonja-2020.jpg\"><img aria-describedby=\"caption-attachment-7690\" decoding=\"async\" class=\"size-full wp-image-7690\" src=\"https:\/\/meier-gerdingh.de\/wp-spd-ob\/wp-content\/uploads\/2020\/11\/bongers-sonja-2020.jpg\" alt=\"\" width=\"160\" height=\"200\" \/><\/a><p id=\"caption-attachment-7690\" class=\"wp-caption-text\">Sonja Bongers ist Vorsitzende der SPD-Ratsfraktion und Mitglied des Landtags von Nordrhein-Westfalen<\/p><\/div>\n<p>&#8222;Wir als SPD wollen ein Landesf\u00f6rderprogramm zur Energiewende, dass sich auf die Bed\u00fcrfnisse der Bewohner von Mietwohnungen einstellt. Mit einem F\u00f6rderprogramm von Solarenergie, Kleinwindanlagen und Geothermie und \u00e4hnlichen Programmen wollen wir die Menschen entlasten. Immer noch leben in Deutschland und besonders in Oberhausen die meisten Menschen in Mietverh\u00e4ltnissen&#8220;, betont die Landtagsabgeordnete Sonja Bongers.<\/p>\n<p>Die F\u00f6rderung soll mindestens 50 Prozent des Kaufpreises betragen. Pro Haushalt soll maximal ein Steckersolarger\u00e4t \/ Balkonkraftwerk gef\u00f6rdert werden. Hierzu regen wir an, unverz\u00fcglich eine Konferenz mit allen gro\u00dfen Wohnungsbauunternehmen, -genossenschaften und Verb\u00e4nden der Wohnungswirtschaft sowie dem Mieterbund NRW einzuberufen, um die Bedarfe zu ermitteln. Mit einer landesweiten Informationskampagne soll \u00fcber die Potenziale von Steckersolarger\u00e4ten \/ Balkonkraftwerken informiert werden.<!--more--><\/p>\n<p>Zudem soll eine Studie in Auftrag gegeben werden, die die Auswirkung der Nutzung von Steckersolarger\u00e4ten \/ Balkonkraftwerken u.a. auf die Entlastung der Stromnetze sowie die Bereitschaft der Nutzerinnen und Nutzer die Energiewende eigenverantwortlich zu f\u00f6rdern, wissenschaftlich erfasst, auswertet und weitere politische Handlungsempfehlungen erarbeitet.<\/p>\n","protected":false},"excerpt":{"rendered":"<p>&#8222;Wir als SPD wollen ein Landesf\u00f6rderprogramm zur Energiewende, dass sich auf die Bed\u00fcrfnisse der Bewohner von Mietwohnungen einstellt. Mit einem F\u00f6rderprogramm von Solarenergie, Kleinwindanlagen und Geothermie und \u00e4hnlichen Programmen wollen&hellip; <\/p>\n","protected":false},"author":1,"featured_media":0,"comment_status":"closed","ping_status":"closed","sticky":false,"template":"","format":"standard","meta":{"footnotes":""},"categories":[4120,3568,216],"tags":[3569,577,2017,3182,3570,3571],"quellen":[1317],"class_list":["post-10438","post","type-post","status-publish","format-standard","hentry","category-die-woche-im-landtag","category-energiewende","category-land","tag-balkonkraftwerke","tag-energiewende","tag-mieterinnen-und-mieter","tag-mietwohnungen","tag-steckersolargeraete","tag-wohnungswirtschaft","quellen-mdl-sonja-bongers"],"_links":{"self":[{"href":"https:\/\/meier-gerdingh.de\/wp-spd-ob\/wp-json\/wp\/v2\/posts\/10438","targetHints":{"allow":["GET"]}}],"collection":[{"href":"https:\/\/meier-gerdingh.de\/wp-spd-ob\/wp-json\/wp\/v2\/posts"}],"about":[{"href":"https:\/\/meier-gerdingh.de\/wp-spd-ob\/wp-json\/wp\/v2\/types\/post"}],"author":[{"embeddable":true,"href":"https:\/\/meier-gerdingh.de\/wp-spd-ob\/wp-json\/wp\/v2\/users\/1"}],"replies":[{"embeddable":true,"href":"https:\/\/meier-gerdingh.de\/wp-spd-ob\/wp-json\/wp\/v2\/comments?post=10438"}],"version-history":[{"count":0,"href":"https:\/\/meier-gerdingh.de\/wp-spd-ob\/wp-json\/wp\/v2\/posts\/10438\/revisions"}],"wp:attachment":[{"href":"https:\/\/meier-gerdingh.de\/wp-spd-ob\/wp-json\/wp\/v2\/media?parent=10438"}],"wp:term":[{"taxonomy":"category","embeddable":true,"href":"https:\/\/meier-gerdingh.de\/wp-spd-ob\/wp-json\/wp\/v2\/categories?post=10438"},{"taxonomy":"post_tag","embeddable":true,"href":"https:\/\/meier-gerdingh.de\/wp-spd-ob\/wp-json\/wp\/v2\/tags?post=10438"},{"taxonomy":"quellen","embeddable":true,"href":"https:\/\/meier-gerdingh.de\/wp-spd-ob\/wp-json\/wp\/v2\/quellen?post=10438"}],"curies":[{"name":"wp","href":"https:\/\/api.w.org\/{rel}","templated":true}]}}