{"id":10452,"date":"2023-07-12T18:56:41","date_gmt":"2023-07-12T16:56:41","guid":{"rendered":"https:\/\/meier-gerdingh.de\/wp-spd-ob\/?p=10452"},"modified":"2023-07-12T19:19:30","modified_gmt":"2023-07-12T17:19:30","slug":"jetzt-fuer-den-jugend-landtag-bewerben-4","status":"publish","type":"post","link":"https:\/\/meier-gerdingh.de\/wp-spd-ob\/2023\/07\/12\/jetzt-fuer-den-jugend-landtag-bewerben-4\/","title":{"rendered":"Jetzt f\u00fcr den Jugend-Landtag bewerben!"},"content":{"rendered":"<p><a href=\"https:\/\/meier-gerdingh.de\/wp-spd-ob\/wp-content\/uploads\/2023\/07\/banner-landtag-2023.jpg\"><img decoding=\"async\" class=\"aligncenter size-full wp-image-10453\" src=\"https:\/\/meier-gerdingh.de\/wp-spd-ob\/wp-content\/uploads\/2023\/07\/banner-landtag-2023.jpg\" alt=\"\" width=\"700\" height=\"248\" srcset=\"https:\/\/meier-gerdingh.de\/wp-spd-ob\/wp-content\/uploads\/2023\/07\/banner-landtag-2023.jpg 700w, https:\/\/meier-gerdingh.de\/wp-spd-ob\/wp-content\/uploads\/2023\/07\/banner-landtag-2023-300x106.jpg 300w\" sizes=\"(max-width: 700px) 100vw, 700px\" \/><\/a>Die SPD-Abgeordneten Sonja Bongers, Frederick Cordes und Stefan Zimkeit laden drei Jugendliche dazu ein, vom 16. bis 18. November 2023 ihre Pl\u00e4tze im Parlament einzunehmen. An diesem Wochenende soll in D\u00fcsseldorf der dreit\u00e4gige Jugend-Landtag stattfinden.<\/p>\n<p>Diskutiert werden in unterschiedlichen Sitzungen aktuelle Themen, um die parlamentarischen Abl\u00e4ufe realit\u00e4tsnah zu simulieren. &#8222;Das ist eine tolle M\u00f6glichkeit, Demokratie hautnah zu erleben&#8220;, sagt Sonja Bongers. Und Frederick Cordes meint: &#8222;Unsere Demokratie lebt von jungen Menschen, die engagiert f\u00fcr ihre Positionen einstehen und Lust haben, sich f\u00fcr die Zukunft in NRW einzusetzen.&#8220;<!--more--><\/p>\n<p>195 junge Menschen werden in die Rolle eines Parlamentsmitglieds schl\u00fcpfen und Aussch\u00fcsse, Fraktionssitzung sowie Plenarberatung aktiv gestalten und den parlamentarischen Arbeitsalltag kennenlernen.<\/p>\n<p>&#8222;In den letzten Jahren wurde zum Beispiel \u00fcber die Themen &#8218;Digitalisierung an Schulen und Hochschulen&#8216; oder wie man den \u00f6ffentlichen Nahverkehr attraktiver machen kann, debattiert&#8220;, erinnert sich Stefan Zimkeit. Die Beschl\u00fcsse der &#8222;Jugend-Landtagsabgeordneten&#8220; werden anschlie\u00dfend den Abgeordneten des &#8222;wirklichen&#8220; Landtags vorgelegt.<\/p>\n<p>Ab sofort bewerben k\u00f6nnen sich <strong>junge Menschen im Alter zwischen 16 und 20 Jahren<\/strong>, die <strong>in Oberhausen wohnen<\/strong>, indem sie sich <strong>bis Montag, 14. August 2023<\/strong>, unter <a href=\"mailto:sonja.bongers@landtag.nrw.de\">sonja.bongers@landtag.nrw.de<\/a> melden.<\/p>\n<p><strong>Bewerbungen<\/strong> m\u00fcssen<\/p>\n<ul>\n<li>Telefonnummer,<\/li>\n<li>Adresse,<\/li>\n<li>Geburtsdatum,<\/li>\n<li>Geschlechtsidentit\u00e4t,<\/li>\n<li>eine Angabe, ob man zur Schule geht, studiert, in Ausbildung oder berufst\u00e4tig ist,<\/li>\n<li>sowie einen kurzen Satz enthalten, warum man beim Jugend-Landtag mitmachen m\u00f6chte.<\/li>\n<\/ul>\n<p>S\u00e4mtliche Kosten inklusive \u00dcbernachtung werden vom Landtag \u00fcbernommen.<\/p>\n","protected":false},"excerpt":{"rendered":"<p>Die SPD-Abgeordneten Sonja Bongers, Frederick Cordes und Stefan Zimkeit laden drei Jugendliche dazu ein, vom 16. bis 18. November 2023 ihre Pl\u00e4tze im Parlament einzunehmen. An diesem Wochenende soll in&hellip; <\/p>\n","protected":false},"author":1,"featured_media":0,"comment_status":"closed","ping_status":"closed","sticky":false,"template":"","format":"standard","meta":{"footnotes":""},"categories":[179,216],"tags":[97,796,219],"quellen":[2806,1317,331],"class_list":["post-10452","post","type-post","status-publish","format-standard","hentry","category-kinder-und-jugendliche","category-land","tag-jugend-landtag","tag-jugendlandtag","tag-landtag-nrw","quellen-mdl-frederick-cordes","quellen-mdl-sonja-bongers","quellen-mdl-stefan-zimkeit"],"_links":{"self":[{"href":"https:\/\/meier-gerdingh.de\/wp-spd-ob\/wp-json\/wp\/v2\/posts\/10452","targetHints":{"allow":["GET"]}}],"collection":[{"href":"https:\/\/meier-gerdingh.de\/wp-spd-ob\/wp-json\/wp\/v2\/posts"}],"about":[{"href":"https:\/\/meier-gerdingh.de\/wp-spd-ob\/wp-json\/wp\/v2\/types\/post"}],"author":[{"embeddable":true,"href":"https:\/\/meier-gerdingh.de\/wp-spd-ob\/wp-json\/wp\/v2\/users\/1"}],"replies":[{"embeddable":true,"href":"https:\/\/meier-gerdingh.de\/wp-spd-ob\/wp-json\/wp\/v2\/comments?post=10452"}],"version-history":[{"count":0,"href":"https:\/\/meier-gerdingh.de\/wp-spd-ob\/wp-json\/wp\/v2\/posts\/10452\/revisions"}],"wp:attachment":[{"href":"https:\/\/meier-gerdingh.de\/wp-spd-ob\/wp-json\/wp\/v2\/media?parent=10452"}],"wp:term":[{"taxonomy":"category","embeddable":true,"href":"https:\/\/meier-gerdingh.de\/wp-spd-ob\/wp-json\/wp\/v2\/categories?post=10452"},{"taxonomy":"post_tag","embeddable":true,"href":"https:\/\/meier-gerdingh.de\/wp-spd-ob\/wp-json\/wp\/v2\/tags?post=10452"},{"taxonomy":"quellen","embeddable":true,"href":"https:\/\/meier-gerdingh.de\/wp-spd-ob\/wp-json\/wp\/v2\/quellen?post=10452"}],"curies":[{"name":"wp","href":"https:\/\/api.w.org\/{rel}","templated":true}]}}