{"id":10465,"date":"2023-07-28T16:06:53","date_gmt":"2023-07-28T14:06:53","guid":{"rendered":"https:\/\/meier-gerdingh.de\/wp-spd-ob\/?p=10465"},"modified":"2023-08-03T14:06:30","modified_gmt":"2023-08-03T12:06:30","slug":"gute-zeugnisse-beim-sommerschul-abschluss","status":"publish","type":"post","link":"https:\/\/meier-gerdingh.de\/wp-spd-ob\/2023\/07\/28\/gute-zeugnisse-beim-sommerschul-abschluss\/","title":{"rendered":"Gute Zeugnisse beim Sommerschul-Abschluss"},"content":{"rendered":"<p><a href=\"https:\/\/meier-gerdingh.de\/wp-spd-ob\/wp-content\/uploads\/2023\/06\/banner-spd-sommerschule-2023-small.jpg\"><img decoding=\"async\" class=\"aligncenter size-full wp-image-10432\" src=\"https:\/\/meier-gerdingh.de\/wp-spd-ob\/wp-content\/uploads\/2023\/06\/banner-spd-sommerschule-2023-small.jpg\" alt=\"\" width=\"700\" height=\"250\" srcset=\"https:\/\/meier-gerdingh.de\/wp-spd-ob\/wp-content\/uploads\/2023\/06\/banner-spd-sommerschule-2023-small.jpg 700w, https:\/\/meier-gerdingh.de\/wp-spd-ob\/wp-content\/uploads\/2023\/06\/banner-spd-sommerschule-2023-small-300x107.jpg 300w\" sizes=\"(max-width: 700px) 100vw, 700px\" \/><\/a><em>Ein positives Fazit hat die SPD-Ratsfraktion zum Ende ihrer diesj\u00e4hrigen Sommerschule am neuen Outdoor-Fitnessplatz in Lirich ziehen k\u00f6nnen. Hitze und Ferienzeit haben auch in diesem Jahr etliche G\u00e4ste nicht vom Besuch der f\u00fcnf Termine abgehalten.<\/em><\/p>\n<div id=\"attachment_10474\" style=\"width: 710px\" class=\"wp-caption aligncenter\"><a href=\"https:\/\/meier-gerdingh.de\/wp-spd-ob\/wp-content\/uploads\/2023\/08\/spd-sommerschule-23-outdoor-fitness-lirich-lg.jpg\"><img aria-describedby=\"caption-attachment-10474\" decoding=\"async\" class=\"size-full wp-image-10474\" src=\"https:\/\/meier-gerdingh.de\/wp-spd-ob\/wp-content\/uploads\/2023\/08\/spd-sommerschule-23-outdoor-fitness-lirich.jpg\" alt=\"\" width=\"700\" height=\"298\" srcset=\"https:\/\/meier-gerdingh.de\/wp-spd-ob\/wp-content\/uploads\/2023\/08\/spd-sommerschule-23-outdoor-fitness-lirich.jpg 700w, https:\/\/meier-gerdingh.de\/wp-spd-ob\/wp-content\/uploads\/2023\/08\/spd-sommerschule-23-outdoor-fitness-lirich-300x128.jpg 300w\" sizes=\"(max-width: 700px) 100vw, 700px\" \/><\/a><p id=\"caption-attachment-10474\" class=\"wp-caption-text\">Das beigef\u00fcgte Bild zeigt die Teilnehmerinnen und Teilnehmer des letzten Sommerschul-Termins am Outdoor-Fitness-Platz in Lirich. (Foto: <a href=\"http:\/\/www.hektormedia.com\/\">Ren\u00e9 Jankowski<\/a>)<\/p><\/div>\n<p>&#8222;Dass wir ein so abwechslungsreiches Programm anbieten konnten, zeigt, wie abwechslungsreich und spannend unser Oberhausen ist&#8220;, erkl\u00e4rt die Fraktionsvorsitzende Sonja Bongers. Vor allem das Interesse am Besuch des ambulanten Hospizes an der Marktstra\u00dfe hat die Landtagsabgeordnete gefreut. &#8222;Hospizarbeit ist ja kein leichtes Thema. Dass sich unsere Teilnehmerinnen und Teilnehmer darauf eingelassen haben freut mich ebenso wie die dadurch gezeigte Wertsch\u00e4tzung der Arbeit, die die festangestellten und ehrenamtlichen Mitarbeiterinnen und Mitarbeiter leisten.&#8220;<!--more--><\/p>\n<p>Regen Zuspruch gab es auch beim Besuch der Baustelle im Hallenbad Sterkrade und beim THW \u2013 Blicke hinter die Kulissen von Freizeiteinrichtungen und Hilfsorganisationen interessieren seit jeher viele Sommersch\u00fclerinnen und -sch\u00fcler.<\/p>\n<p>Sehr viel M\u00fche haben sich auch die Verantwortlichen im ersten Oberhausener Smart-Haus in Sterkrade gemacht, um ihre Arbeit und die ersten Erfolge, die diese noch vergleichsweise junge Einrichtung schon gefeiert hat, ihren G\u00e4sten darzulegen. &#8222;Wir k\u00f6nnen \u00e4lteren Menschen, die sich Gedanken dar\u00fcber machen, ob sie sich auf digitale Hilfen im Haushalt einlassen sollen, nur empfehlen, in der Sterkrader Innenstadt vorbeizuschauen und sich im Smart-Haus unabh\u00e4ngig und kompetent beraten zu lassen&#8220;, so die Fraktionsvorsitzende.<\/p>\n<p>Zum guten Gelingen des Abschlusses an der Outdoor-Fitness-Anlage im Liricher Bonmannpark trug wesentlich der Gast der Veranstaltung bei, Fitness-Couch und Physiotherapeut Sydnee Ingendorn. &#8222;Es ist eine tolle Anlage geworden, aber sie muss nat\u00fcrlich auch angenommen und genutzt werden&#8220;, erkl\u00e4rt Sonja Bongers. &#8222;Wie das funktioniert, haben wir uns von einem echten Profi zeigen und erkl\u00e4ren lassen. Dort ist wirklich eine Menge m\u00f6glich und es kostet keinen Cent: eine echte Trimm-Dich-Anlage 2.0!&#8220;<\/p>\n<p>Den Abschluss bildete ein gem\u00fctliches Beisammensein auf der benachbarten Platzanlage von Arminia Lirich. &#8222;Dort haben wir uns sehr wohl und willkommen gef\u00fchlt&#8220;, so Sonja Bongers. &#8222;Wir w\u00fcnschen allen Teams eine gute Saison mit viel Kraft und Kondition \u2013 vielleicht ein bisschen aufgebaut auf der benachbarten Fitness-Anlage&#8220;, so die Fraktionsvorsitzende.<\/p>\n","protected":false},"excerpt":{"rendered":"<p>Ein positives Fazit hat die SPD-Ratsfraktion zum Ende ihrer diesj\u00e4hrigen Sommerschule am neuen Outdoor-Fitnessplatz in Lirich ziehen k\u00f6nnen. Hitze und Ferienzeit haben auch in diesem Jahr etliche G\u00e4ste nicht vom&hellip; <\/p>\n","protected":false},"author":1,"featured_media":0,"comment_status":"closed","ping_status":"closed","sticky":false,"template":"","format":"standard","meta":{"footnotes":""},"categories":[173],"tags":[3581,201,3580,3058,819,3567,3582],"quellen":[326],"class_list":["post-10465","post","type-post","status-publish","format-standard","hentry","category-parteileben","tag-ambulantes-hospiz","tag-hallenbad-sterkrade","tag-outdoor-fitness-platz","tag-smart-haus","tag-spd-sommerschule","tag-spd-sommerschule-2023","tag-thw-oberhausen","quellen-spd-fraktion-oberhausen"],"_links":{"self":[{"href":"https:\/\/meier-gerdingh.de\/wp-spd-ob\/wp-json\/wp\/v2\/posts\/10465","targetHints":{"allow":["GET"]}}],"collection":[{"href":"https:\/\/meier-gerdingh.de\/wp-spd-ob\/wp-json\/wp\/v2\/posts"}],"about":[{"href":"https:\/\/meier-gerdingh.de\/wp-spd-ob\/wp-json\/wp\/v2\/types\/post"}],"author":[{"embeddable":true,"href":"https:\/\/meier-gerdingh.de\/wp-spd-ob\/wp-json\/wp\/v2\/users\/1"}],"replies":[{"embeddable":true,"href":"https:\/\/meier-gerdingh.de\/wp-spd-ob\/wp-json\/wp\/v2\/comments?post=10465"}],"version-history":[{"count":0,"href":"https:\/\/meier-gerdingh.de\/wp-spd-ob\/wp-json\/wp\/v2\/posts\/10465\/revisions"}],"wp:attachment":[{"href":"https:\/\/meier-gerdingh.de\/wp-spd-ob\/wp-json\/wp\/v2\/media?parent=10465"}],"wp:term":[{"taxonomy":"category","embeddable":true,"href":"https:\/\/meier-gerdingh.de\/wp-spd-ob\/wp-json\/wp\/v2\/categories?post=10465"},{"taxonomy":"post_tag","embeddable":true,"href":"https:\/\/meier-gerdingh.de\/wp-spd-ob\/wp-json\/wp\/v2\/tags?post=10465"},{"taxonomy":"quellen","embeddable":true,"href":"https:\/\/meier-gerdingh.de\/wp-spd-ob\/wp-json\/wp\/v2\/quellen?post=10465"}],"curies":[{"name":"wp","href":"https:\/\/api.w.org\/{rel}","templated":true}]}}