{"id":10477,"date":"2023-08-04T16:02:25","date_gmt":"2023-08-04T14:02:25","guid":{"rendered":"https:\/\/meier-gerdingh.de\/wp-spd-ob\/?p=10477"},"modified":"2023-08-04T16:02:49","modified_gmt":"2023-08-04T14:02:49","slug":"spd-setzt-freies-wlan-wieder-aufs-tapet","status":"publish","type":"post","link":"https:\/\/meier-gerdingh.de\/wp-spd-ob\/2023\/08\/04\/spd-setzt-freies-wlan-wieder-aufs-tapet\/","title":{"rendered":"SPD setzt freies WLAN wieder aufs Tapet"},"content":{"rendered":"<div id=\"attachment_9424\" style=\"width: 170px\" class=\"wp-caption alignleft\"><a href=\"https:\/\/meier-gerdingh.de\/wp-spd-ob\/wp-content\/uploads\/2022\/10\/janetzki-maximilian-portrait-lg.jpg\"><img aria-describedby=\"caption-attachment-9424\" decoding=\"async\" class=\"size-full wp-image-9424\" src=\"https:\/\/meier-gerdingh.de\/wp-spd-ob\/wp-content\/uploads\/2022\/10\/janetzki-maximilian-portrait.jpg\" alt=\"\" width=\"160\" height=\"200\" \/><\/a><p id=\"caption-attachment-9424\" class=\"wp-caption-text\">Maximilian Janetzki ist digitalpolitischer Sprecher der SPD-Ratsfraktion<\/p><\/div>\n<p>Die SPD-Fraktion will erneut den Sachstand zur Einrichtung eines \u00f6ffentlichen WLAN-Netzes in den Oberhausener Innenstadtbereichen \u2013 hier vor allem in Alt-Oberhausen \u2013 im Wirtschafts- und Digitalisierungsausschuss thematisieren. Anlass ist eine Erkl\u00e4rung, die der Vorstand des &#8222;CityO&#8220;-Managements zu Beginn der politischen Sommerpause ver\u00f6ffentlicht hat. Darin spricht sich die Interessengemeinschaft der Immobilieneigent\u00fcmer, Einzelh\u00e4ndler, Gastronomen und Dienstleister in der Oberhausener Innenstadt f\u00fcr ein freies WLAN-Netz aus.<!--more--><\/p>\n<p>&#8222;Gerne werden wir die Stadt dabei unterst\u00fctzen&#8220;, sagt der &#8222;CityO&#8220;-Vorsitzende Axel Schmiemann. Als die SPD das Thema bereits Anfang des Jahres aufs Tapet gebracht hatte, erkl\u00e4rte der zust\u00e4ndige Dezernent Ralf G\u00fcldenzopf, dass man zwar eine F\u00f6rderung f\u00fcr dieses Vorhaben erhalten habe, nun allerdings zwingend auf die Kooperation der H\u00e4ndlerschaft angewiesen sei \u2013 Gespr\u00e4che w\u00e4hrend der Pandemie h\u00e4tten allerdings zu keinem Ergebnis gef\u00fchrt.<\/p>\n<p>&#8222;Sowohl die im CityO-Vorstand vertretenen Immobilieneigent\u00fcmer als auch j\u00fcngst befragte Immobilieneigent\u00fcmer berichten, dass seitens der Stadt Oberhausen bisher keine Anfragen bez\u00fcglich einer Gestattung oder Duldung der f\u00fcr das WLAN notendigen Infrastruktur an sie gerichtet worden sind&#8220;, erkl\u00e4rte wiederum der &#8222;CityO&#8220;-Vorstand.<\/p>\n<p>&#8222;Es gibt das Bed\u00fcrfnis nach einem freien WLAN in der City, es gibt offensichtlich eine F\u00f6rderung und es gibt die erkl\u00e4rte Kooperationsbereitschaft der H\u00e4ndler und Immobilienbesitzer&#8220;, fasst der digitalpolitische Sprecher der SPD-Fraktion, Maximilian Janetzki, die Situation zusammen. &#8222;Es kann doch nicht sein, dass alle Seiten ein freies Netz wollen, wir aber wieder nicht in die Umsetzung kommen&#8220;, so Janetzki.<\/p>\n","protected":false},"excerpt":{"rendered":"<p>Die SPD-Fraktion will erneut den Sachstand zur Einrichtung eines \u00f6ffentlichen WLAN-Netzes in den Oberhausener Innenstadtbereichen \u2013 hier vor allem in Alt-Oberhausen \u2013 im Wirtschafts- und Digitalisierungsausschuss thematisieren. Anlass ist eine&hellip; <\/p>\n","protected":false},"author":1,"featured_media":0,"comment_status":"closed","ping_status":"closed","sticky":false,"template":"","format":"standard","meta":{"footnotes":""},"categories":[3350,167],"tags":[718,3578,3577,3576,359],"quellen":[326],"class_list":["post-10477","post","type-post","status-publish","format-standard","hentry","category-digitalisierung","category-stadtteile","tag-city-management","tag-city-wlan","tag-cityo-management","tag-freies-wlan","tag-innenstadt-alt-oberhausen","quellen-spd-fraktion-oberhausen"],"_links":{"self":[{"href":"https:\/\/meier-gerdingh.de\/wp-spd-ob\/wp-json\/wp\/v2\/posts\/10477","targetHints":{"allow":["GET"]}}],"collection":[{"href":"https:\/\/meier-gerdingh.de\/wp-spd-ob\/wp-json\/wp\/v2\/posts"}],"about":[{"href":"https:\/\/meier-gerdingh.de\/wp-spd-ob\/wp-json\/wp\/v2\/types\/post"}],"author":[{"embeddable":true,"href":"https:\/\/meier-gerdingh.de\/wp-spd-ob\/wp-json\/wp\/v2\/users\/1"}],"replies":[{"embeddable":true,"href":"https:\/\/meier-gerdingh.de\/wp-spd-ob\/wp-json\/wp\/v2\/comments?post=10477"}],"version-history":[{"count":0,"href":"https:\/\/meier-gerdingh.de\/wp-spd-ob\/wp-json\/wp\/v2\/posts\/10477\/revisions"}],"wp:attachment":[{"href":"https:\/\/meier-gerdingh.de\/wp-spd-ob\/wp-json\/wp\/v2\/media?parent=10477"}],"wp:term":[{"taxonomy":"category","embeddable":true,"href":"https:\/\/meier-gerdingh.de\/wp-spd-ob\/wp-json\/wp\/v2\/categories?post=10477"},{"taxonomy":"post_tag","embeddable":true,"href":"https:\/\/meier-gerdingh.de\/wp-spd-ob\/wp-json\/wp\/v2\/tags?post=10477"},{"taxonomy":"quellen","embeddable":true,"href":"https:\/\/meier-gerdingh.de\/wp-spd-ob\/wp-json\/wp\/v2\/quellen?post=10477"}],"curies":[{"name":"wp","href":"https:\/\/api.w.org\/{rel}","templated":true}]}}