{"id":1048,"date":"2013-03-20T17:00:00","date_gmt":"2013-03-20T15:00:00","guid":{"rendered":"http:\/\/www.meier-gerdingh.de\/spd-oberhausen\/wp\/?p=1048"},"modified":"2017-01-03T17:16:27","modified_gmt":"2017-01-03T16:16:27","slug":"michael-puetz-folgt-angelika-jaentsch","status":"publish","type":"post","link":"https:\/\/meier-gerdingh.de\/wp-spd-ob\/2013\/03\/20\/michael-puetz-folgt-angelika-jaentsch\/","title":{"rendered":"Michael P\u00fctz folgt Angelika J\u00e4ntsch"},"content":{"rendered":"<div style=\"width: 150px\" class=\"wp-caption alignleft\"><a href=\"http:\/\/meier-gerdingh.de\/wp-spd-ob\/wp-content\/uploads\/jaentsch_angelika_09.jpg\"><img decoding=\"async\" class=\"size-full\" src=\"http:\/\/meier-gerdingh.de\/wp-spd-ob\/wp-content\/uploads\/jaentsch_angelika_09.jpg\" alt=\"Kandidierte nicht mehr zur Vorsitzenden im Ortsverein Oberhausen-Mitte: Angelika J\u00e4ntsch\" width=\"140\" height=\"169\" \/><\/a><p class=\"wp-caption-text\">Kandidierte nicht mehr zur Vorsitzenden im Ortsverein Oberhausen-Mitte: Angelika J\u00e4ntsch<\/p><\/div>\n<p>Bei der Jahreshauptversammlung des SPD Ortsvereins Oberhausen-Mitte am 14. M\u00e4rz 2013 wurde der 26-j\u00e4hrige Student Michael P\u00fctz zum neuen Vorsitzenden gew\u00e4hlt. Die bisherige Vorsitzende, die Stadtverordnete Angelika J\u00e4ntsch, kandidierte nicht erneut und machte somit den Weg f\u00fcr einen Generationenwechsel im Ortsverein frei. Der neue Vorsitzende dankte Angelika J\u00e4ntsch f\u00fcr ihre geleistete Arbeit und die von ihr erreichten Erfolge f\u00fcr den Ortsverein in den letzten Jahren.<!--more--><\/p>\n<p>Bei der Versammlung im soziokulturellen Zentrum &#8222;Fabrik K14&#8220; stellten die Genossinnen und Genossen dem Vorsitzenden Michael P\u00fctz <b>drei Stellvertreterinnen und Stellvertreter<\/b> zur Seite: Nagihan Erdas, Alfred R\u00f6der und Andreas Schr\u00f6der.<\/p>\n<p>Die <b>Gesch\u00e4ftsf\u00fchrung<\/b> \u00fcbernehmen Imke Halbauer und Stephan Bramorski.<\/p>\n<p>P\u00fctz machte deutlich, dass der neue Vorstand zwei gro\u00dfe Aufgaben zu bew\u00e4ltigen habe. Erstens sei klar, dass die kommenden Wahlk\u00e4mpfe um Bundestag, Kommunalparlamente und Europaparlament mit Kraft und Einigkeit gef\u00fchrt werden m\u00fcssen. Zweitens solle die SPD vor Ort behutsam modernisiert werden, zum Beispiel mit neuen Veranstaltungsformaten und einer st\u00e4rkeren \u00d6ffnung f\u00fcr B\u00fcrgerinnen und B\u00fcrger.<\/p>\n<p>Als weitere Mitglieder des neuen Ortsvereinsvorstandes wurden die <b>Kassiererin und Kassierer<\/b> Andrea Samotta, J\u00fcrgen Ludwiczak und Carlo Caiko gew\u00e4hlt, au\u00dferdem die Beisitzerinen und Beisitzer:<\/p>\n<ul>\n<li>Christiane Gerster-Schmidt<\/li>\n<li>Angelika Kock<\/li>\n<li>Gisela Menzler<\/li>\n<li>Sabine Schulze<\/li>\n<li>Mareike Wagner<\/li>\n<li>Muhammed Giraz<\/li>\n<li>Andr\u00e9 auf der Heiden<\/li>\n<li>Hartmut Schmidt<\/li>\n<\/ul>\n<p>.<br \/>\nKomplettiert wird das Gremium durch den <b>Organisationsbeauftragten<\/b> Ercan Telli und den <b>Internet- und \u00d6ffentlichkeitsbeauftragten<\/b> Siegfried R\u00e4biger. Damit sind alle relevanten gesellschaftlichen Gruppen im Ortsvereinsvorstand repr\u00e4sentiert.<\/p>\n<p>Die n\u00e4chste Veranstaltung des Ortsvereins wird in Kooperation mit der AG 60 plus des SPD-Unterbezirks am 27.04.2013 stattfinden: Beim &#8222;Tag der \u00e4lteren Generation&#8220; pr\u00e4sentieren sich die Genossinnen und Genossen mit einem Infostand auf der Marktstra\u00dfe und stellen sich den Fragen der B\u00fcrgerinnen und B\u00fcrgern.<\/p>\n","protected":false},"excerpt":{"rendered":"<p>Bei der Jahreshauptversammlung des SPD Ortsvereins Oberhausen-Mitte am 14. M\u00e4rz 2013 wurde der 26-j\u00e4hrige Student Michael P\u00fctz zum neuen Vorsitzenden gew\u00e4hlt. Die bisherige Vorsitzende, die Stadtverordnete Angelika J\u00e4ntsch, kandidierte nicht&hellip; <\/p>\n","protected":false},"author":1,"featured_media":0,"comment_status":"closed","ping_status":"closed","sticky":false,"template":"","format":"standard","meta":{"footnotes":""},"categories":[1],"tags":[],"quellen":[],"class_list":["post-1048","post","type-post","status-publish","format-standard","hentry","category-allgemein"],"_links":{"self":[{"href":"https:\/\/meier-gerdingh.de\/wp-spd-ob\/wp-json\/wp\/v2\/posts\/1048","targetHints":{"allow":["GET"]}}],"collection":[{"href":"https:\/\/meier-gerdingh.de\/wp-spd-ob\/wp-json\/wp\/v2\/posts"}],"about":[{"href":"https:\/\/meier-gerdingh.de\/wp-spd-ob\/wp-json\/wp\/v2\/types\/post"}],"author":[{"embeddable":true,"href":"https:\/\/meier-gerdingh.de\/wp-spd-ob\/wp-json\/wp\/v2\/users\/1"}],"replies":[{"embeddable":true,"href":"https:\/\/meier-gerdingh.de\/wp-spd-ob\/wp-json\/wp\/v2\/comments?post=1048"}],"version-history":[{"count":0,"href":"https:\/\/meier-gerdingh.de\/wp-spd-ob\/wp-json\/wp\/v2\/posts\/1048\/revisions"}],"wp:attachment":[{"href":"https:\/\/meier-gerdingh.de\/wp-spd-ob\/wp-json\/wp\/v2\/media?parent=1048"}],"wp:term":[{"taxonomy":"category","embeddable":true,"href":"https:\/\/meier-gerdingh.de\/wp-spd-ob\/wp-json\/wp\/v2\/categories?post=1048"},{"taxonomy":"post_tag","embeddable":true,"href":"https:\/\/meier-gerdingh.de\/wp-spd-ob\/wp-json\/wp\/v2\/tags?post=1048"},{"taxonomy":"quellen","embeddable":true,"href":"https:\/\/meier-gerdingh.de\/wp-spd-ob\/wp-json\/wp\/v2\/quellen?post=1048"}],"curies":[{"name":"wp","href":"https:\/\/api.w.org\/{rel}","templated":true}]}}