{"id":10492,"date":"2023-08-11T16:28:40","date_gmt":"2023-08-11T14:28:40","guid":{"rendered":"https:\/\/meier-gerdingh.de\/wp-spd-ob\/?p=10492"},"modified":"2023-08-11T16:29:29","modified_gmt":"2023-08-11T14:29:29","slug":"gedanken-zum-start-in-das-neue-kita-und-schuljahr","status":"publish","type":"post","link":"https:\/\/meier-gerdingh.de\/wp-spd-ob\/2023\/08\/11\/gedanken-zum-start-in-das-neue-kita-und-schuljahr\/","title":{"rendered":"Gedanken zum Start in das neue Kita- und Schuljahr"},"content":{"rendered":"<div id=\"attachment_9438\" style=\"width: 170px\" class=\"wp-caption alignleft\"><a href=\"https:\/\/meier-gerdingh.de\/wp-spd-ob\/wp-content\/uploads\/2022\/10\/salwik-claudia-portrait-lg.jpg\"><img aria-describedby=\"caption-attachment-9438\" decoding=\"async\" class=\"size-full wp-image-9438\" src=\"https:\/\/meier-gerdingh.de\/wp-spd-ob\/wp-content\/uploads\/2022\/10\/salwik-claudia-portrait.jpg\" alt=\"\" width=\"160\" height=\"200\" \/><\/a><p id=\"caption-attachment-9438\" class=\"wp-caption-text\">Claudia Salwik ist gleichstellungspolitische Sprecherin der SPD-Ratsfraktion<\/p><\/div>\n<p><em>In diesen Tagen hat f\u00fcr viele Kinder, Eltern und Familien ein neuer Lebensabschnitt begonnen. Dazu erkl\u00e4rt Claudia Salwik, gleichstellungspolitische Sprecherin der SPD-Ratsfraktion:<\/em><\/p>\n<p>&#8222;Auch wenn der Sommer sich in den vergangenen Tagen manchmal ein bisschen wie der Herbst angef\u00fchlt hat \u2013 terminlich ist er in vollem Gange, am Dienstag sind auch die neuen Erstkl\u00e4ssler:innen in ihre neue Lebensrealit\u00e4t eingestiegen. Die Eingew\u00f6hnung in den Kitas startete bereits eine Woche fr\u00fcher und f\u00fcr alle betroffenen Kinder und ihre Familien beginnt ein neuer, aufregender Lebensabschnitt.<!--more--><\/p>\n<p>Ein Lebensabschnitt, der einen weiteren Grundstein legt f\u00fcr eine Zukunft, die all unseren Kindern offenstehen sollte. Begleitet werden Kinder auf diesem Weg von ihren Familien, aber auch von Erzieher:innen, Sozialp\u00e4dagog:innen, Sozialarbeiter:innen, Lehrer:innen. Wichtige Berufe allesamt, systemrelevant. Es sind Berufe, auf die eine Gesellschaft schlichtweg nicht verzichten kann. Wir k\u00f6nnen es uns nicht erlauben, hier zu sparen. Ja, Bildung und Wohlfahrtspflege kosten Geld. Aber das Geld, welches wir vermeintlich einsparen, m\u00fcssen wir am Ende vielfach bezahlen.<\/p>\n<p>Wenn wir zulassen, dass Schulsozialarbeit, Ganztagsbetreuung, Kindertagespflege, Jugendhilfe, dass all diese T\u00e4tigkeitsfelder nur gerade so funktionieren, ihnen \u2013 auch finanziell \u2013 keine Luft zum Atmen gew\u00e4hren, keinen Raum zu handeln und zu agieren, keine Ressourcen sich zu vernetzen und zu wirken, dann betr\u00fcgen wir nicht nur Generationen von Kindern um ihre Zukunft, wie betr\u00fcgen uns alle.<\/p>\n<p>Wir betr\u00fcgen uns um den Wunsch nach Chancengleichheit und f\u00f6rdern und vergr\u00f6\u00dfern sogar soziale Ungleichheit. Wir betr\u00fcgen uns um Entwicklungsm\u00f6glichkeiten, sowohl individuelle als auch als gesellschaftliche. Denn wer soll uns und unser Zusammenleben weiterentwickeln und kreativ ausgestalten, wenn nicht junge Menschen? Wir betr\u00fcgen uns um die Fachkr\u00e4fte von morgen. Wir betr\u00fcgen uns um das Geld, das es kosten wird, diese Defizite zu kompensieren, wenn sie sich nicht mehr so ignorieren lassen, wie wir es uns heute bei Kindern oder Jugendlichen leisten.<\/p>\n<p>Ich w\u00fcnsche allen Kindern, Jugendlichen und ihren Familien einen aufregenden und zuversichtlichen Start in das Kita- und Schuljahr. Ich w\u00fcnsche euch Freude, Gelassenheit und Energie, die Herausforderungen zu meistern, die das Leben bietet. Ich w\u00fcnsche euch die Gewissheit, dass jede:r von euch z\u00e4hlt und wichtig ist, auch wenn sich das manchmal nicht so anf\u00fchlen wird.<\/p>\n<p>Allen Mitarbeitenden im Schul- und Kitabetrieb w\u00fcnsche ich Geduld und Kraft f\u00fcr das kommende Jahr. Ich w\u00fcnsche euch, dass bei allen Belastungen und Einsparungen das kollegiale Miteinander dabei hilft, gesund zu bleiben. Ich w\u00fcnsche euch, dass ihr trotz der massiven Personalnot, den gestrichenen Leistungen, den gek\u00fcrzten Arbeitszeiten bei stetig wachsendem Bedarf, euch in eurer Arbeit noch als wirksam erleben k\u00f6nnt. Und ich danke euch, dass ihr \u00fcberhaupt noch zur Arbeit geht. Bei diesen Bedingungen ist das nicht selbstverst\u00e4ndlich.&#8220;<\/p>\n","protected":false},"excerpt":{"rendered":"<p>In diesen Tagen hat f\u00fcr viele Kinder, Eltern und Familien ein neuer Lebensabschnitt begonnen. Dazu erkl\u00e4rt Claudia Salwik, gleichstellungspolitische Sprecherin der SPD-Ratsfraktion: &#8222;Auch wenn der Sommer sich in den vergangenen&hellip; <\/p>\n","protected":false},"author":1,"featured_media":0,"comment_status":"closed","ping_status":"closed","sticky":false,"template":"","format":"standard","meta":{"footnotes":""},"categories":[231,179,2],"tags":[249,244,2454,3630,1311,604,3045,2470,123,3631],"quellen":[326],"class_list":["post-10492","post","type-post","status-publish","format-standard","hentry","category-bildung","category-kinder-und-jugendliche","category-schule","tag-bildungsinvestitionen","tag-chancengleichheit","tag-einschulung","tag-ganztagsbetreuung","tag-kindertagespflege","tag-kindertagesstaetten","tag-personalmangel","tag-schuljahresbeginn","tag-schulsozialarbeit","tag-schulstart","quellen-spd-fraktion-oberhausen"],"_links":{"self":[{"href":"https:\/\/meier-gerdingh.de\/wp-spd-ob\/wp-json\/wp\/v2\/posts\/10492","targetHints":{"allow":["GET"]}}],"collection":[{"href":"https:\/\/meier-gerdingh.de\/wp-spd-ob\/wp-json\/wp\/v2\/posts"}],"about":[{"href":"https:\/\/meier-gerdingh.de\/wp-spd-ob\/wp-json\/wp\/v2\/types\/post"}],"author":[{"embeddable":true,"href":"https:\/\/meier-gerdingh.de\/wp-spd-ob\/wp-json\/wp\/v2\/users\/1"}],"replies":[{"embeddable":true,"href":"https:\/\/meier-gerdingh.de\/wp-spd-ob\/wp-json\/wp\/v2\/comments?post=10492"}],"version-history":[{"count":0,"href":"https:\/\/meier-gerdingh.de\/wp-spd-ob\/wp-json\/wp\/v2\/posts\/10492\/revisions"}],"wp:attachment":[{"href":"https:\/\/meier-gerdingh.de\/wp-spd-ob\/wp-json\/wp\/v2\/media?parent=10492"}],"wp:term":[{"taxonomy":"category","embeddable":true,"href":"https:\/\/meier-gerdingh.de\/wp-spd-ob\/wp-json\/wp\/v2\/categories?post=10492"},{"taxonomy":"post_tag","embeddable":true,"href":"https:\/\/meier-gerdingh.de\/wp-spd-ob\/wp-json\/wp\/v2\/tags?post=10492"},{"taxonomy":"quellen","embeddable":true,"href":"https:\/\/meier-gerdingh.de\/wp-spd-ob\/wp-json\/wp\/v2\/quellen?post=10492"}],"curies":[{"name":"wp","href":"https:\/\/api.w.org\/{rel}","templated":true}]}}