{"id":1050,"date":"2013-03-26T17:00:00","date_gmt":"2013-03-26T15:00:00","guid":{"rendered":"http:\/\/www.meier-gerdingh.de\/spd-oberhausen\/wp\/?p=1050"},"modified":"2017-01-03T17:16:56","modified_gmt":"2017-01-03T16:16:56","slug":"spd-oberhausen-absolviert-erfolgreich-akademie-fuer-nachwuchspolitiker","status":"publish","type":"post","link":"https:\/\/meier-gerdingh.de\/wp-spd-ob\/2013\/03\/26\/spd-oberhausen-absolviert-erfolgreich-akademie-fuer-nachwuchspolitiker\/","title":{"rendered":"SPD Oberhausen absolviert erfolgreich Akademie f\u00fcr Nachwuchspolitiker"},"content":{"rendered":"<div style=\"width: 210px\" class=\"wp-caption alignleft\"><a href=\"http:\/\/meier-gerdingh.de\/wp-spd-ob\/wp-content\/uploads\/kommunalakademie.jpg\"><img decoding=\"async\" class=\"size-full\" src=\"http:\/\/meier-gerdingh.de\/wp-spd-ob\/wp-content\/uploads\/kommunalakademie.jpg\" alt=\"Nachwuchsf\u00f6rderung: Die Teilnehmerinnen und Teilnehmer der Kommunalakademie der Oberhausener SPD\" width=\"200\" height=\"118\" \/><\/a><p class=\"wp-caption-text\">Nachwuchsf\u00f6rderung: Die Teilnehmerinnen und Teilnehmer der Kommunalakademie der Oberhausener SPD<\/p><\/div>\n<p>Man muss nicht immer nur von Nachwuchsf\u00f6rderung reden, man muss es auch machen. Das hat sich die Oberhausener SPD auf die Fahnen geschrieben und nun mit vier absolvierten Modulen der Kommunalakademie mit \u00fcber zehn jungen Teilnehmerinnen und Teilnehmern umgesetzt. Am vergangenen Wochenende (23.\/24. M\u00e4rz 2013) fand vorerst das Abschlussmodul statt. &#8222;Kommunalpolitik muss nicht unsexy, langweilig und immer nur die Verwaltung des Mangels sein. Das wissen die Sozialdemokratinnen und Sozialdemokraten in Oberhausen und ich bin froh, dass so viele junge Menschen das jetzt auch wiederrum erfahren durften&#8220;, so Juso-Vorsitzender Maximilian Janetzki.<!--more--><\/p>\n<p>Die unterschiedlichen Veranstaltungen malten ein abwechslungsreiches Bild der Politik vor Ort: Ratsarbeit, K\u00e4mmerei, Schulentwicklungsplanung, st\u00e4dtische Gesellschaften, Gemeindeordnung, Integrationsrat und vieles mehr. &#8222;Aber auch mal eine kontroverse Diskussion zu einem aktuellen Thema abends beim Bier. Das sch\u00e4rft die eigenen Argumente und macht auch noch richtig Spa\u00df&#8220;, so Teilnehmerin Rebecca Fehrenberg.<\/p>\n<p>Ren\u00e9 Pascheberg (26), Mitglied im Rat und im Vorstand des Unterbezirkes, ist ehrenamtlicher Organisator der Reihe. Er erg\u00e4nzt: &#8222;Besonders beeindruckt haben uns auch die Begegnungen mit verschiedenen aktiven Politikern. So war bei unserem letzten Modul der kommunalpolitische Sprecher der NRW-Landtagsfraktion und Landtagsabgeordnete Michael H\u00fcbner zu Gast. &#8222;Viele Prozesse, die auf den ersten Blick kompliziert erscheinen, konnte er ganz unkompliziert erkl\u00e4ren. So habe ich mehr verstanden, was hinter dem St\u00e4rkungspakt Stadtfinanzen steckt oder warum der Bund beim Thema Soziallasten den Kommunen unter die Arme greifen sollte&#8220;, so Kommunalakademiker Manuel Prohl.<\/p>\n<p>&#8222;Wir wollten Seminare auf Augenh\u00f6he, wo jede und jeder teilnehmen und sich fit f\u00fcr politisches Engagement machen kann. Denn vor allem durch solche gemeinsamen Erlebnisse weckt man die Lust, seine Kraft und Freizeit in die Politik zu stecken&#8220;, stellt Ren\u00e9 Pascheberg fest.<\/p>\n<p>Doch die Akademie ist noch nicht vorbei: Jetzt folgt ein Generationentreffen zusammen mit erfahrenen Politikerinnen und Politikern der SPD Oberhausen &#8211; hier werden \u00fcbrigens auch die Zertifikate f\u00fcr die erfolgreiche Teilnahme verliehen.<\/p>\n<p>&#8222;Und im Juni findet noch ein Kamingespr\u00e4ch mit dem Gelsenkirchener Oberb\u00fcrgermeister und RuhrSPD-Sprecher Frank Baranowski zum Thema Metropole Ruhr statt &#8211; denn wir wollen den gesponnenen Gespr\u00e4chsfaden nicht abrei\u00dfen lassen&#8220;, betonen alle Teilnehmerinnen und Teilnehmer.<\/p>\n","protected":false},"excerpt":{"rendered":"<p>Man muss nicht immer nur von Nachwuchsf\u00f6rderung reden, man muss es auch machen. Das hat sich die Oberhausener SPD auf die Fahnen geschrieben und nun mit vier absolvierten Modulen der&hellip; <\/p>\n","protected":false},"author":1,"featured_media":0,"comment_status":"closed","ping_status":"closed","sticky":false,"template":"","format":"standard","meta":{"footnotes":""},"categories":[1],"tags":[],"quellen":[],"class_list":["post-1050","post","type-post","status-publish","format-standard","hentry","category-allgemein"],"_links":{"self":[{"href":"https:\/\/meier-gerdingh.de\/wp-spd-ob\/wp-json\/wp\/v2\/posts\/1050","targetHints":{"allow":["GET"]}}],"collection":[{"href":"https:\/\/meier-gerdingh.de\/wp-spd-ob\/wp-json\/wp\/v2\/posts"}],"about":[{"href":"https:\/\/meier-gerdingh.de\/wp-spd-ob\/wp-json\/wp\/v2\/types\/post"}],"author":[{"embeddable":true,"href":"https:\/\/meier-gerdingh.de\/wp-spd-ob\/wp-json\/wp\/v2\/users\/1"}],"replies":[{"embeddable":true,"href":"https:\/\/meier-gerdingh.de\/wp-spd-ob\/wp-json\/wp\/v2\/comments?post=1050"}],"version-history":[{"count":0,"href":"https:\/\/meier-gerdingh.de\/wp-spd-ob\/wp-json\/wp\/v2\/posts\/1050\/revisions"}],"wp:attachment":[{"href":"https:\/\/meier-gerdingh.de\/wp-spd-ob\/wp-json\/wp\/v2\/media?parent=1050"}],"wp:term":[{"taxonomy":"category","embeddable":true,"href":"https:\/\/meier-gerdingh.de\/wp-spd-ob\/wp-json\/wp\/v2\/categories?post=1050"},{"taxonomy":"post_tag","embeddable":true,"href":"https:\/\/meier-gerdingh.de\/wp-spd-ob\/wp-json\/wp\/v2\/tags?post=1050"},{"taxonomy":"quellen","embeddable":true,"href":"https:\/\/meier-gerdingh.de\/wp-spd-ob\/wp-json\/wp\/v2\/quellen?post=1050"}],"curies":[{"name":"wp","href":"https:\/\/api.w.org\/{rel}","templated":true}]}}