{"id":10518,"date":"2023-08-15T15:42:41","date_gmt":"2023-08-15T13:42:41","guid":{"rendered":"https:\/\/meier-gerdingh.de\/wp-spd-ob\/?p=10518"},"modified":"2023-08-15T15:42:41","modified_gmt":"2023-08-15T13:42:41","slug":"jugendkriminalitaet-nimmt-zu-haus-des-jugendrechts-braucht-mehr-personal","status":"publish","type":"post","link":"https:\/\/meier-gerdingh.de\/wp-spd-ob\/2023\/08\/15\/jugendkriminalitaet-nimmt-zu-haus-des-jugendrechts-braucht-mehr-personal\/","title":{"rendered":"Jugendkriminalit\u00e4t nimmt zu \u2013 Haus des Jugendrechts braucht mehr Personal"},"content":{"rendered":"<div id=\"attachment_7690\" style=\"width: 170px\" class=\"wp-caption alignleft\"><a href=\"https:\/\/meier-gerdingh.de\/wp-spd-ob\/wp-content\/uploads\/2020\/11\/bongers-sonja-2020-lg.jpg\"><img aria-describedby=\"caption-attachment-7690\" decoding=\"async\" class=\"size-full wp-image-7690\" src=\"https:\/\/meier-gerdingh.de\/wp-spd-ob\/wp-content\/uploads\/2020\/11\/bongers-sonja-2020.jpg\" alt=\"\" width=\"160\" height=\"200\" \/><\/a><p id=\"caption-attachment-7690\" class=\"wp-caption-text\">Sonja Bongers ist Vorsitzende der SPD-Ratsfraktion und Mitglied des Landtags von Nordrhein-Westfalen<\/p><\/div>\n<p>Das Oberhausener Haus des Jugendrechts als gemeinsame Dienststelle der Polizei, der Staatsanwaltschaft und der Jugendgerichtshilfe schl\u00e4gt Alarm. Steigende Jugendkriminalit\u00e4t und zu wenig Personal bringen das Oberhausener Projekt an seine Grenzen. Von 2021 auf 2022 stieg die Delinquenz unter 21-J\u00e4hriger in Oberhausen um 28,82 % und damit auf ein Allzeithoch der letzten zehn Jahre. Dies stelle jedoch keinen lokalen Trend dar, sondern spiegele sich auch auf Landesebene wider (plus 41 Prozent), hei\u00dft es in einer Studie der Projektmacher.<!--more--><\/p>\n<h3 class=\"spd-ob-crossheading\">Sorge vor Zunahme der Intensivkriminalit\u00e4t<\/h3>\n<p>F\u00fcr die SPD-Landtagsabgeordnete und SPD-Rechtsexpertin Sonja Bongers sind die Zahlen alarmierend. &#8222;Wir m\u00fcssen die Kolleginnen und Kollegen unterst\u00fctzen. Es braucht einfach mehr personelle Unterst\u00fctzung, sonst gleitet uns eine ganze Gruppe vorzeitig in die Intensivkriminalit\u00e4t ab. Das Land muss jetzt aktiv werden&#8220;, sagte Bongers. Als Intensivt\u00e4ter gilt, wer mehr als f\u00fcnf Straftaten im Kalenderjahr begeht. Dabei wird ein Score von mindestens 15 Punkten je nach Deliktschwere nach polizeiinternem Ranking zugrunde gelegt. Die meisten Intensivt\u00e4ter in NRW sind m\u00e4nnlich. Lediglich elf Prozent sind junge Frauen.<\/p>\n<h3 class=\"spd-ob-crossheading\">Kriminalit\u00e4t ist teurer als Pr\u00e4vention<\/h3>\n<p>Bongers verweist darauf, dass besonders bei Polizei und Gerichten die Leute fehlen. &#8222;Es ist nur noch die Jugendgerichtshilfe relativ gut aufgestellt. Polizei und Staatsanwaltschaft sind \u00fcber dem Limit. Das Projekt steht wirklich auf der Kippe. Dabei ist Pr\u00e4vention ein echtes Mittel um langfristig finanziell Ressourcen zu sparen. Der lange Weg der Kriminalit\u00e4t ist f\u00fcr die Gesellschaft sehr teuer. Gerichte, Gef\u00e4ngnisse, Gefahrenabwehr durch die Polizei bei manifestierter Kriminalit\u00e4t kosten richtig. Da k\u00f6nnen wir im Vorfeld viel l\u00f6sen. Das ist auch gut f\u00fcr die Gesellschaft. Weniger Kriminalit\u00e4t hei\u00dft weniger Opfer &#8211; ganz einfach. Auch das ist gelebter Opferschutz.&#8220;<\/p>\n<p>Da will das Oberhausener Modell des Hauses des Jugendrechts ansetzen. Von Anfang an wurde der Anspruch verfolgt, sich nicht nur auf die Bearbeitung von Intensivt\u00e4tern und -t\u00e4terinnen zu beschr\u00e4nken, deren kriminelle Karrieren naturgem\u00e4\u00df schon sehr weit fortgeschritten sind, sondern vielmehr ein Hauptaugenmerk auf die Fr\u00fcherkennung krimineller Gef\u00e4hrdung und das Einleiten m\u00f6glichst fr\u00fchzeitiger Interventionen zu richten. Es ist eines von sechs H\u00e4usern in NRW. Forciert wurde der Ausbau der H\u00e4user vom damaligen SPD-Justizminister Thomas Kutschaty.<\/p>\n","protected":false},"excerpt":{"rendered":"<p>Das Oberhausener Haus des Jugendrechts als gemeinsame Dienststelle der Polizei, der Staatsanwaltschaft und der Jugendgerichtshilfe schl\u00e4gt Alarm. Steigende Jugendkriminalit\u00e4t und zu wenig Personal bringen das Oberhausener Projekt an seine Grenzen.&hellip; <\/p>\n","protected":false},"author":1,"featured_media":0,"comment_status":"closed","ping_status":"closed","sticky":false,"template":"","format":"standard","meta":{"footnotes":""},"categories":[216,7],"tags":[3655,3652,3653,3654,692,1760,837,3656,1611,3045,6,824,3525],"quellen":[1317],"class_list":["post-10518","post","type-post","status-publish","format-standard","hentry","category-land","category-sicherheit","tag-gefahrenabwehr","tag-haus-des-jugendrechts","tag-intensivkriminalitaet","tag-jugendgerichtshilfe","tag-jugendkriminalitaet","tag-justiz","tag-kriminalitaet","tag-kriminalpraevention","tag-opferschutz","tag-personalmangel","tag-polizei","tag-praevention","tag-staatsanwaltschaft","quellen-mdl-sonja-bongers"],"_links":{"self":[{"href":"https:\/\/meier-gerdingh.de\/wp-spd-ob\/wp-json\/wp\/v2\/posts\/10518","targetHints":{"allow":["GET"]}}],"collection":[{"href":"https:\/\/meier-gerdingh.de\/wp-spd-ob\/wp-json\/wp\/v2\/posts"}],"about":[{"href":"https:\/\/meier-gerdingh.de\/wp-spd-ob\/wp-json\/wp\/v2\/types\/post"}],"author":[{"embeddable":true,"href":"https:\/\/meier-gerdingh.de\/wp-spd-ob\/wp-json\/wp\/v2\/users\/1"}],"replies":[{"embeddable":true,"href":"https:\/\/meier-gerdingh.de\/wp-spd-ob\/wp-json\/wp\/v2\/comments?post=10518"}],"version-history":[{"count":0,"href":"https:\/\/meier-gerdingh.de\/wp-spd-ob\/wp-json\/wp\/v2\/posts\/10518\/revisions"}],"wp:attachment":[{"href":"https:\/\/meier-gerdingh.de\/wp-spd-ob\/wp-json\/wp\/v2\/media?parent=10518"}],"wp:term":[{"taxonomy":"category","embeddable":true,"href":"https:\/\/meier-gerdingh.de\/wp-spd-ob\/wp-json\/wp\/v2\/categories?post=10518"},{"taxonomy":"post_tag","embeddable":true,"href":"https:\/\/meier-gerdingh.de\/wp-spd-ob\/wp-json\/wp\/v2\/tags?post=10518"},{"taxonomy":"quellen","embeddable":true,"href":"https:\/\/meier-gerdingh.de\/wp-spd-ob\/wp-json\/wp\/v2\/quellen?post=10518"}],"curies":[{"name":"wp","href":"https:\/\/api.w.org\/{rel}","templated":true}]}}