{"id":1052,"date":"2013-04-05T16:00:00","date_gmt":"2013-04-05T14:00:00","guid":{"rendered":"http:\/\/www.meier-gerdingh.de\/spd-oberhausen\/wp\/?p=1052"},"modified":"2017-01-03T17:17:21","modified_gmt":"2017-01-03T16:17:21","slug":"kein-flaechendeckender-kanal-tuev-fuer-oberhausen","status":"publish","type":"post","link":"https:\/\/meier-gerdingh.de\/wp-spd-ob\/2013\/04\/05\/kein-flaechendeckender-kanal-tuev-fuer-oberhausen\/","title":{"rendered":"Kein fl\u00e4chendeckender Kanal-T\u00dcV f\u00fcr Oberhausen"},"content":{"rendered":"<div style=\"width: 150px\" class=\"wp-caption alignleft\"><a href=\"http:\/\/meier-gerdingh.de\/wp-spd-ob\/wp-content\/uploads\/janssen_anne_09.jpg\"><img decoding=\"async\" class=\"size-full\" src=\"http:\/\/meier-gerdingh.de\/wp-spd-ob\/wp-content\/uploads\/janssen_anne_09.jpg\" alt=\"Anne Jan\u00dfen ist Vorsitzende des Umweltausschusses der Stadt Oberhausen und stellvertretende Vorsitzende der SPD-Fraktion\" width=\"140\" height=\"169\" \/><\/a><p class=\"wp-caption-text\">Anne Jan\u00dfen ist Vorsitzende des Umweltausschusses der Stadt Oberhausen und stellvertretende Vorsitzende der SPD-Fraktion<\/p><\/div>\n<p>&#8222;Die Landesregierung hat ihr Wort gehalten und die verpflichtende Pr\u00fcfung aller privater Abwasserkan\u00e4le aus dem Landeswasserschutzgesetz gestrichen,&#8220; so Anne Jan\u00dfen (SPD), Vorsitzende des Umweltausschusses. &#8222;F\u00fcr Oberhausen hei\u00dft das konkret, dass es keinen Zwang zur fl\u00e4chendeckenden Untersuchung privater Abwasseranschl\u00fcsse geben wird.&#8220;<!--more--><\/p>\n<p>Einen verpflichtenden Kanal-T\u00dcV soll es nur noch in Wasserschutzgebieten geben, da hier eine besondere Sorgfaltspflicht gegen Verunreinigungen des Grundwassers besteht.<br \/>\nZur Zeit besteht in Oberhausen eine g\u00fcltige Satzung, die die Dichtheitspr\u00fcfung ab 2015 vorsieht. Das Land hat den Kommunen jedoch die Entscheidung \u00fcbertragen, diese Pr\u00fcfpflicht beizubehalten oder wieder aufzuheben. Hierzu stellt die Ausschussvorsitzende klar:<\/p>\n<p>&#8222;Wir wollen bewusst die privaten Hauseigent\u00fcmer entlasten und werden uns deshalb politisch daf\u00fcr einsetzen, dass die Satzung zur Pr\u00fcfpflicht, die die ersten Haushalte in Oberhausen ab 2015 getroffen h\u00e4tte, aufgehoben wird.&#8220; Die Verpflichtung, bei undichten Abwasserleitungen, die den Eigent\u00fcmern bekannt sind, Abhilfe zu schaffen, best\u00fcnde nat\u00fcrlich weiterhin. Hier habe sich gesetzlich nichts ge\u00e4ndert. Die SPD sei sich aber dar\u00fcber im Klaren, dass bei einer fl\u00e4chendeckenden Pflichtpr\u00fcfung der Kan\u00e4le enorme Kosten auf die Hausbesitzer zuk\u00e4men. &#8222;Das wollen wir den Oberhausener B\u00fcrgern nicht zumuten&#8220;, so Anne Jan\u00dfen abschlie\u00dfend.<\/p>\n","protected":false},"excerpt":{"rendered":"<p>&#8222;Die Landesregierung hat ihr Wort gehalten und die verpflichtende Pr\u00fcfung aller privater Abwasserkan\u00e4le aus dem Landeswasserschutzgesetz gestrichen,&#8220; so Anne Jan\u00dfen (SPD), Vorsitzende des Umweltausschusses. &#8222;F\u00fcr Oberhausen hei\u00dft das konkret, dass&hellip; <\/p>\n","protected":false},"author":1,"featured_media":0,"comment_status":"closed","ping_status":"closed","sticky":false,"template":"","format":"standard","meta":{"footnotes":""},"categories":[1],"tags":[],"quellen":[],"class_list":["post-1052","post","type-post","status-publish","format-standard","hentry","category-allgemein"],"_links":{"self":[{"href":"https:\/\/meier-gerdingh.de\/wp-spd-ob\/wp-json\/wp\/v2\/posts\/1052","targetHints":{"allow":["GET"]}}],"collection":[{"href":"https:\/\/meier-gerdingh.de\/wp-spd-ob\/wp-json\/wp\/v2\/posts"}],"about":[{"href":"https:\/\/meier-gerdingh.de\/wp-spd-ob\/wp-json\/wp\/v2\/types\/post"}],"author":[{"embeddable":true,"href":"https:\/\/meier-gerdingh.de\/wp-spd-ob\/wp-json\/wp\/v2\/users\/1"}],"replies":[{"embeddable":true,"href":"https:\/\/meier-gerdingh.de\/wp-spd-ob\/wp-json\/wp\/v2\/comments?post=1052"}],"version-history":[{"count":0,"href":"https:\/\/meier-gerdingh.de\/wp-spd-ob\/wp-json\/wp\/v2\/posts\/1052\/revisions"}],"wp:attachment":[{"href":"https:\/\/meier-gerdingh.de\/wp-spd-ob\/wp-json\/wp\/v2\/media?parent=1052"}],"wp:term":[{"taxonomy":"category","embeddable":true,"href":"https:\/\/meier-gerdingh.de\/wp-spd-ob\/wp-json\/wp\/v2\/categories?post=1052"},{"taxonomy":"post_tag","embeddable":true,"href":"https:\/\/meier-gerdingh.de\/wp-spd-ob\/wp-json\/wp\/v2\/tags?post=1052"},{"taxonomy":"quellen","embeddable":true,"href":"https:\/\/meier-gerdingh.de\/wp-spd-ob\/wp-json\/wp\/v2\/quellen?post=1052"}],"curies":[{"name":"wp","href":"https:\/\/api.w.org\/{rel}","templated":true}]}}