{"id":10522,"date":"2023-08-22T19:40:50","date_gmt":"2023-08-22T17:40:50","guid":{"rendered":"https:\/\/meier-gerdingh.de\/wp-spd-ob\/?p=10522"},"modified":"2023-08-22T19:40:50","modified_gmt":"2023-08-22T17:40:50","slug":"nrw-zieht-plaene-fuer-altschuldenfonds-zurueck","status":"publish","type":"post","link":"https:\/\/meier-gerdingh.de\/wp-spd-ob\/2023\/08\/22\/nrw-zieht-plaene-fuer-altschuldenfonds-zurueck\/","title":{"rendered":"NRW zieht Pl\u00e4ne f\u00fcr Altschuldenfonds zur\u00fcck"},"content":{"rendered":"<div id=\"attachment_9529\" style=\"width: 170px\" class=\"wp-caption alignleft\"><a href=\"https:\/\/meier-gerdingh.de\/wp-spd-ob\/wp-content\/uploads\/2022\/10\/zimkeit-stefan-22.jpg\"><img aria-describedby=\"caption-attachment-9529\" decoding=\"async\" class=\"size-full wp-image-9529\" src=\"https:\/\/meier-gerdingh.de\/wp-spd-ob\/wp-content\/uploads\/2022\/10\/zimkeit-stefan-22.jpg\" alt=\"\" width=\"160\" height=\"200\" \/><\/a><p id=\"caption-attachment-9529\" class=\"wp-caption-text\">Stefan Zimkeit ist Landtagsabgeordneter f\u00fcr Oberhausen-Sterkrade und Dinslaken<\/p><\/div>\n<p>&#8222;Die R\u00fccknahme der Altschulden-Planung durch das Land war notwendig und ist gleichzeitig ein Armutszeugnis der Hendrik-W\u00fcst-Regierung&#8220;, sagt der SPD-Finanzexperte Stefan Zimkeit. &#8222;Dass Schwarz-Gr\u00fcn mit seinem Modell scheitert, die Kommunen ihre Entschuldung ohne finanzielle Beteiligung des Landes selbst finanzieren zu lassen, war von Anfang an absehbar. Diese Koalition hat damit erneut bewiesen, dass deren finanzpolitische Inkompetenz zu Lasten der St\u00e4dte und ihrer B\u00fcrgerinnen und B\u00fcrger geht.&#8220;<!--more--><\/p>\n<p>Zimkeit fordert, dass die Landesregierung nun die St\u00e4dte und die Landtagsopposition mit an einen Tisch holt, damit es schnellstm\u00f6glich zu einer Altschuldenl\u00f6sung unter Einbeziehung des Bundes kommt.<\/p>\n<p>Au\u00dferdem spricht er sich f\u00fcr eine verbesserte Finanzausstattung der NRW-Kommunen aus, um eine Neuverschuldung zu verhindern. &#8222;Die Pandemie, die Zuwanderung und besondere Herausforderungen bei Kitas und Schulen sind eine erhebliche Belastung f\u00fcr die st\u00e4dtischen Haushalte, die in eine Notlage m\u00fcnden kann&#8220;, so Stefan Zimkeit.<\/p>\n","protected":false},"excerpt":{"rendered":"<p>&#8222;Die R\u00fccknahme der Altschulden-Planung durch das Land war notwendig und ist gleichzeitig ein Armutszeugnis der Hendrik-W\u00fcst-Regierung&#8220;, sagt der SPD-Finanzexperte Stefan Zimkeit. &#8222;Dass Schwarz-Gr\u00fcn mit seinem Modell scheitert, die Kommunen ihre&hellip; <\/p>\n","protected":false},"author":1,"featured_media":0,"comment_status":"closed","ping_status":"closed","sticky":false,"template":"","format":"standard","meta":{"footnotes":""},"categories":[98,216],"tags":[1259,3323,1287,2346,3629,3064,14],"quellen":[331],"class_list":["post-10522","post","type-post","status-publish","format-standard","hentry","category-finanzen","category-land","tag-altschulden","tag-altschuldenentlastung","tag-altschuldenfonds","tag-altschuldenloesung","tag-altschuldenregelung-nrw","tag-kommunale-altschulden","tag-kommunalfinanzen","quellen-mdl-stefan-zimkeit"],"_links":{"self":[{"href":"https:\/\/meier-gerdingh.de\/wp-spd-ob\/wp-json\/wp\/v2\/posts\/10522","targetHints":{"allow":["GET"]}}],"collection":[{"href":"https:\/\/meier-gerdingh.de\/wp-spd-ob\/wp-json\/wp\/v2\/posts"}],"about":[{"href":"https:\/\/meier-gerdingh.de\/wp-spd-ob\/wp-json\/wp\/v2\/types\/post"}],"author":[{"embeddable":true,"href":"https:\/\/meier-gerdingh.de\/wp-spd-ob\/wp-json\/wp\/v2\/users\/1"}],"replies":[{"embeddable":true,"href":"https:\/\/meier-gerdingh.de\/wp-spd-ob\/wp-json\/wp\/v2\/comments?post=10522"}],"version-history":[{"count":0,"href":"https:\/\/meier-gerdingh.de\/wp-spd-ob\/wp-json\/wp\/v2\/posts\/10522\/revisions"}],"wp:attachment":[{"href":"https:\/\/meier-gerdingh.de\/wp-spd-ob\/wp-json\/wp\/v2\/media?parent=10522"}],"wp:term":[{"taxonomy":"category","embeddable":true,"href":"https:\/\/meier-gerdingh.de\/wp-spd-ob\/wp-json\/wp\/v2\/categories?post=10522"},{"taxonomy":"post_tag","embeddable":true,"href":"https:\/\/meier-gerdingh.de\/wp-spd-ob\/wp-json\/wp\/v2\/tags?post=10522"},{"taxonomy":"quellen","embeddable":true,"href":"https:\/\/meier-gerdingh.de\/wp-spd-ob\/wp-json\/wp\/v2\/quellen?post=10522"}],"curies":[{"name":"wp","href":"https:\/\/api.w.org\/{rel}","templated":true}]}}