{"id":10525,"date":"2023-08-24T10:32:22","date_gmt":"2023-08-24T08:32:22","guid":{"rendered":"https:\/\/meier-gerdingh.de\/wp-spd-ob\/?p=10525"},"modified":"2024-06-13T14:51:41","modified_gmt":"2024-06-13T12:51:41","slug":"landesregierung-muss-endlich-mehr-plaetze-fuer-gefluechtete-in-landesunterkuenften-schaffen-kommunen-leiden-unter-organisationschaos-der-landesregierung","status":"publish","type":"post","link":"https:\/\/meier-gerdingh.de\/wp-spd-ob\/2023\/08\/24\/landesregierung-muss-endlich-mehr-plaetze-fuer-gefluechtete-in-landesunterkuenften-schaffen-kommunen-leiden-unter-organisationschaos-der-landesregierung\/","title":{"rendered":"Landesregierung muss endlich mehr Pl\u00e4tze f\u00fcr Gefl\u00fcchtete in Landesunterk\u00fcnften schaffen \u2013 Kommunen leiden unter Organisationschaos der Landesregierung"},"content":{"rendered":"<p><a href=\"https:\/\/meier-gerdingh.de\/wp-spd-ob\/wp-content\/uploads\/2023\/03\/banner-diese-woche-im-landtag-01.jpg\"><img decoding=\"async\" class=\"aligncenter size-full wp-image-10267\" src=\"https:\/\/meier-gerdingh.de\/wp-spd-ob\/wp-content\/uploads\/2023\/03\/banner-diese-woche-im-landtag-01.jpg\" alt=\"\" width=\"700\" height=\"258\" srcset=\"https:\/\/meier-gerdingh.de\/wp-spd-ob\/wp-content\/uploads\/2023\/03\/banner-diese-woche-im-landtag-01.jpg 700w, https:\/\/meier-gerdingh.de\/wp-spd-ob\/wp-content\/uploads\/2023\/03\/banner-diese-woche-im-landtag-01-300x111.jpg 300w\" sizes=\"(max-width: 700px) 100vw, 700px\" \/><\/a>Die SPD-Landtagsabgeordnete Sonja Bongers hat die schwarz-gr\u00fcne Landesregierung aufgefordert, die Kommunen bei der Unterbringung von gefl\u00fcchteten Menschen besser zu unterst\u00fctzen. &#8222;Die Kommunen in NRW brauchen eine schnelle Entlastung im Hinblick auf die vor Ort bestehenden M\u00f6glichkeiten zur menschenw\u00fcrdigen Unterbringung und Versorgung von Fl\u00fcchtlingen.&#8220;<!--more--><\/p>\n<h3 class=\"spd-ob-crossheading\">Teilweise \u00dcberbelegungen<\/h3>\n<p>Derzeit sind die Fl\u00fcchtlingseinrichtungen in NRW durchschnittlich zu 89 Prozent belegt, die Kapazit\u00e4ten der Erstaufnahmeeinrichtungen sind ausgelastet beziehungsweise teilweise \u00fcberbelegt.<\/p>\n<p>Um die Aufnahmekapazit\u00e4ten des Landessystems zu erhalten, m\u00fcsse man schon zum jetzigen Zeitpunkt vorzeitige Zuweisungen von Gefl\u00fcchteten aus den Landeseinrichtungen in die Kommunen vornehmen, so Bongers weiter.<\/p>\n<h3 class=\"spd-ob-crossheading\">Problematik ist bekannt<\/h3>\n<p>Was f\u00fcr Bongers nicht nachvollziehbar ist, ist das z\u00f6gerliche Verhalten der Landesregierung. &#8222;Diese Lage in den Kommunen und die unzureichenden Aufnahmekapazit\u00e4ten in den Landesunterk\u00fcnften sind seit l\u00e4ngerem bekannt. Die Prognosen f\u00fcr steigende Fl\u00fcchtlingszahlen ver\u00f6ffentlicht die Landesregierung regelm\u00e4\u00dfig selbst auf ihrer Webseite. Daher ist es umso unverst\u00e4ndlicher, dass hier sowohl Kommunen als auch Gefl\u00fcchtete Situationen ausgesetzt werden, die einer humanit\u00e4ren Aufnahme nicht mehr gerecht werden.&#8220;<\/p>\n<h3 class=\"spd-ob-crossheading\">Planlose Planung<\/h3>\n<p>Besonders brisant: Die Landesregierung hatte zun\u00e4chst ein v\u00f6llig unzureichendes Ausbauziel von 35.000 Pl\u00e4tzen in Landeseinrichtungen ausgegeben, aber selbst dieses niedrig gesteckte Ziel konnte nicht einmal ann\u00e4hernd erreicht werden. Anstatt die Aktivit\u00e4ten zur Entlastung der Kommunen deutlich auszuweiten und Pl\u00e4tze in Landeseinrichtungen zu schaffen, verzichtete die Landesregierung jedoch lediglich auf letztendlich \u00fcberhaupt auf ein Ausbauziel.<\/p>\n<p>&#8222;Dass das Land die Kommunen so kurzfristig \u00fcber so weitereichende Pl\u00e4ne informiert und sie vor uns\u00e4gliche Tatsachen stellt, ist nicht hinnehmbar. Schon gar nicht, wenn die Situation durch vorausschauende Planung h\u00e4tte vermieden werden k\u00f6nnen&#8220;, so die SPD-Politikerin.<\/p>\n<h3 class=\"spd-ob-crossheading\">Finanzierung der Fallpauschalen<\/h3>\n<p>Problematisch ist f\u00fcr Bongers und die SPD auch die derzeitige Finanzierung. &#8222;St\u00e4dte und Gemeinden ben\u00f6tigen die \u00dcbernahme der sogenannten Vorhaltekosten f\u00fcr Unterbringungspl\u00e4tze f\u00fcr Gefl\u00fcchtete. Des Weiteren ist eine Anpassung der Pauschalen nach dem Fl\u00fcchtlingsaufnahmegesetz (Fl\u00fcAG) an das tats\u00e4chliche Kostenniveau notwendig, damit die Kommunen nicht auf diesen drastischen Mehrbelastungen sitzen bleiben.&#8220;<\/p>\n","protected":false},"excerpt":{"rendered":"<p>Die SPD-Landtagsabgeordnete Sonja Bongers hat die schwarz-gr\u00fcne Landesregierung aufgefordert, die Kommunen bei der Unterbringung von gefl\u00fcchteten Menschen besser zu unterst\u00fctzen. &#8222;Die Kommunen in NRW brauchen eine schnelle Entlastung im Hinblick&hellip; <\/p>\n","protected":false},"author":1,"featured_media":0,"comment_status":"closed","ping_status":"closed","sticky":false,"template":"","format":"standard","meta":{"footnotes":""},"categories":[4120,98,2709,216],"tags":[3670,209,3671,3668,547,3669,3667,14,3672],"quellen":[1317],"class_list":["post-10525","post","type-post","status-publish","format-standard","hentry","category-die-woche-im-landtag","category-finanzen","category-fluechtlinge","category-land","tag-erstaufnahmeeinrichtungen","tag-fluechtlinge","tag-fluechtlingsaufnahme","tag-fluechtlingseinrichtungen","tag-fluechtlingsunterbringung","tag-fluechtlingszuweisung","tag-gefluechtete","tag-kommunalfinanzen","tag-kommunalfinanzen-fluechtlingsaufnahmegesetz-flueag","quellen-mdl-sonja-bongers"],"_links":{"self":[{"href":"https:\/\/meier-gerdingh.de\/wp-spd-ob\/wp-json\/wp\/v2\/posts\/10525","targetHints":{"allow":["GET"]}}],"collection":[{"href":"https:\/\/meier-gerdingh.de\/wp-spd-ob\/wp-json\/wp\/v2\/posts"}],"about":[{"href":"https:\/\/meier-gerdingh.de\/wp-spd-ob\/wp-json\/wp\/v2\/types\/post"}],"author":[{"embeddable":true,"href":"https:\/\/meier-gerdingh.de\/wp-spd-ob\/wp-json\/wp\/v2\/users\/1"}],"replies":[{"embeddable":true,"href":"https:\/\/meier-gerdingh.de\/wp-spd-ob\/wp-json\/wp\/v2\/comments?post=10525"}],"version-history":[{"count":0,"href":"https:\/\/meier-gerdingh.de\/wp-spd-ob\/wp-json\/wp\/v2\/posts\/10525\/revisions"}],"wp:attachment":[{"href":"https:\/\/meier-gerdingh.de\/wp-spd-ob\/wp-json\/wp\/v2\/media?parent=10525"}],"wp:term":[{"taxonomy":"category","embeddable":true,"href":"https:\/\/meier-gerdingh.de\/wp-spd-ob\/wp-json\/wp\/v2\/categories?post=10525"},{"taxonomy":"post_tag","embeddable":true,"href":"https:\/\/meier-gerdingh.de\/wp-spd-ob\/wp-json\/wp\/v2\/tags?post=10525"},{"taxonomy":"quellen","embeddable":true,"href":"https:\/\/meier-gerdingh.de\/wp-spd-ob\/wp-json\/wp\/v2\/quellen?post=10525"}],"curies":[{"name":"wp","href":"https:\/\/api.w.org\/{rel}","templated":true}]}}