{"id":10527,"date":"2023-08-29T15:59:57","date_gmt":"2023-08-29T13:59:57","guid":{"rendered":"https:\/\/meier-gerdingh.de\/wp-spd-ob\/?p=10527"},"modified":"2023-08-29T15:59:57","modified_gmt":"2023-08-29T13:59:57","slug":"oberhausener-wirtschaftsfoerderung-braucht-push-langzeitarbeitslosigkeit-muss-endlich-angegangen-werden","status":"publish","type":"post","link":"https:\/\/meier-gerdingh.de\/wp-spd-ob\/2023\/08\/29\/oberhausener-wirtschaftsfoerderung-braucht-push-langzeitarbeitslosigkeit-muss-endlich-angegangen-werden\/","title":{"rendered":"Oberhausener Wirtschaftsf\u00f6rderung braucht Push &#8211; Langzeitarbeitslosigkeit muss endlich angegangen werden"},"content":{"rendered":"<div id=\"attachment_7690\" style=\"width: 170px\" class=\"wp-caption alignleft\"><a href=\"https:\/\/meier-gerdingh.de\/wp-spd-ob\/wp-content\/uploads\/2020\/11\/bongers-sonja-2020-lg.jpg\"><img aria-describedby=\"caption-attachment-7690\" decoding=\"async\" class=\"size-full wp-image-7690\" src=\"https:\/\/meier-gerdingh.de\/wp-spd-ob\/wp-content\/uploads\/2020\/11\/bongers-sonja-2020.jpg\" alt=\"\" width=\"160\" height=\"200\" \/><\/a><p id=\"caption-attachment-7690\" class=\"wp-caption-text\">Sonja Bongers ist Vorsitzende der SPD-Ratsfraktion und Mitglied des Landtags von Nordrhein-Westfalen<\/p><\/div>\n<p>Die SPD-Landtagsabgeordnete Sonja Bongers sieht die st\u00e4dtischen Zahlen zur Arbeitsmarktpolitik kritisch. &#8222;Ja, es hat einen Zuwachs an Jobs gegeben, aber wie ist die Bezahlung dieser T\u00e4tigkeiten? Die meisten Stellen wurden in der Gastronomie geschaffen, die traditionell eher geringer entlohnt als zahlreiche andere Branchen. Das Gleiche gilt f\u00fcr die vielgepriesene Logistik. Was fehlt, sind nachhaltige, gut bezahlte T\u00e4tigkeiten&#8220;, sagte Bongers.<\/p>\n<p>F\u00fcr viele Jobs m\u00fcsse man aus Oberhausen heraus pendeln. So seien viele Oberhausenerinnen und Oberhausener in anderen Kommunen t\u00e4tig, deren Wirtschaftspolitik und -f\u00f6rderung deutlich besser aufgestellt sei als in Oberhausen. &#8222;Wir haben faktisch kaum Wirtschaftsf\u00f6rderung. Der Wirtschaftsf\u00f6rderer, den wir hatten, ist nach kurzer Zeit nach Duisburg gegangen. Der Oberb\u00fcrgermeister und sein Planungsdezernent haben es nicht geschafft, hier Ma\u00dfst\u00e4be zu setzen&#8220;, sagte Bongers.<!--more--><\/p>\n<p>Bei der Entwicklung von Jobs und Wirtschaftswachstum in Oberhausen sieht Bongers Parallelen zu dem Trend in NRW. Es gibt kaum Zuw\u00e4chse bei Jobs und damit auch nicht bei der wirtschaftlichen Entwicklung. Beim realen Bruttoinlandsprodukt liegt das Land an drittletzter Stelle im Vergleich der Bundesl\u00e4nder. Lediglich 1,7 Prozent Wachstum im Stellenbereich ist nichts. Es gibt L\u00e4nder mit um die f\u00fcnf Prozent Zuwachs in diesem Sektor. &#8222;Das hei\u00dft also, es geht, wenn man es anpackt&#8220;, so Bongers weiter.<\/p>\n<h3 class=\"spd-ob-crossheading\">Zu viele Leute dauerhaft aus Besch\u00e4ftigung<\/h3>\n<p>Zudem blickt die SPD-Politikerin auch pessimistisch auf die Zahl der Langzeitarbeitslosen. &#8222;Ja, es sind einige weniger geworden, aber immer noch sind fast 6000 Menschen ohne Perspektive. Einige sind aufgrund des Alters aus den Statistiken gefallen, da sie entweder Rente oder Grundsicherung erhalten. Dennoch bieten sich hier keine Perspektiven f\u00fcr diese gro\u00dfe Gruppe. Ein sozialer Arbeitsmarkt kann hier Abhilfe schaffen.&#8220;<\/p>\n","protected":false},"excerpt":{"rendered":"<p>Die SPD-Landtagsabgeordnete Sonja Bongers sieht die st\u00e4dtischen Zahlen zur Arbeitsmarktpolitik kritisch. &#8222;Ja, es hat einen Zuwachs an Jobs gegeben, aber wie ist die Bezahlung dieser T\u00e4tigkeiten? Die meisten Stellen wurden&hellip; <\/p>\n","protected":false},"author":1,"featured_media":0,"comment_status":"closed","ping_status":"closed","sticky":false,"template":"","format":"standard","meta":{"footnotes":""},"categories":[16,311],"tags":[18,3663,549,2379,431,1748,3318,740,15],"quellen":[1317],"class_list":["post-10527","post","type-post","status-publish","format-standard","hentry","category-stadtentwicklung","category-wirtschaft","tag-arbeitsmarkt","tag-arbeitsmarkt-oberhausen","tag-arbeitsmarktpolitik","tag-gastronomie","tag-langzeitarbeitslosigkeit","tag-logistik","tag-pendlerinnen-und-pendler","tag-sozialer-arbeitsmarkt","tag-wirtschaftsfoerderung","quellen-mdl-sonja-bongers"],"_links":{"self":[{"href":"https:\/\/meier-gerdingh.de\/wp-spd-ob\/wp-json\/wp\/v2\/posts\/10527","targetHints":{"allow":["GET"]}}],"collection":[{"href":"https:\/\/meier-gerdingh.de\/wp-spd-ob\/wp-json\/wp\/v2\/posts"}],"about":[{"href":"https:\/\/meier-gerdingh.de\/wp-spd-ob\/wp-json\/wp\/v2\/types\/post"}],"author":[{"embeddable":true,"href":"https:\/\/meier-gerdingh.de\/wp-spd-ob\/wp-json\/wp\/v2\/users\/1"}],"replies":[{"embeddable":true,"href":"https:\/\/meier-gerdingh.de\/wp-spd-ob\/wp-json\/wp\/v2\/comments?post=10527"}],"version-history":[{"count":0,"href":"https:\/\/meier-gerdingh.de\/wp-spd-ob\/wp-json\/wp\/v2\/posts\/10527\/revisions"}],"wp:attachment":[{"href":"https:\/\/meier-gerdingh.de\/wp-spd-ob\/wp-json\/wp\/v2\/media?parent=10527"}],"wp:term":[{"taxonomy":"category","embeddable":true,"href":"https:\/\/meier-gerdingh.de\/wp-spd-ob\/wp-json\/wp\/v2\/categories?post=10527"},{"taxonomy":"post_tag","embeddable":true,"href":"https:\/\/meier-gerdingh.de\/wp-spd-ob\/wp-json\/wp\/v2\/tags?post=10527"},{"taxonomy":"quellen","embeddable":true,"href":"https:\/\/meier-gerdingh.de\/wp-spd-ob\/wp-json\/wp\/v2\/quellen?post=10527"}],"curies":[{"name":"wp","href":"https:\/\/api.w.org\/{rel}","templated":true}]}}