{"id":10531,"date":"2023-09-17T09:07:30","date_gmt":"2023-09-17T07:07:30","guid":{"rendered":"https:\/\/meier-gerdingh.de\/wp-spd-ob\/?p=10531"},"modified":"2023-09-17T19:14:50","modified_gmt":"2023-09-17T17:14:50","slug":"spd-auf-dialogtour-durch-alstaden-und-lirich","status":"publish","type":"post","link":"https:\/\/meier-gerdingh.de\/wp-spd-ob\/2023\/09\/17\/spd-auf-dialogtour-durch-alstaden-und-lirich\/","title":{"rendered":"SPD auf Dialogtour durch Alstaden und Lirich"},"content":{"rendered":"<p><a href=\"https:\/\/meier-gerdingh.de\/wp-spd-ob\/wp-content\/uploads\/2023\/09\/ov-west-infostand-23-09-23.jpg\"><img decoding=\"async\" class=\"aligncenter size-full wp-image-10564\" src=\"https:\/\/meier-gerdingh.de\/wp-spd-ob\/wp-content\/uploads\/2023\/09\/ov-west-infostand-23-09-23.jpg\" alt=\"\" width=\"700\" height=\"700\" srcset=\"https:\/\/meier-gerdingh.de\/wp-spd-ob\/wp-content\/uploads\/2023\/09\/ov-west-infostand-23-09-23.jpg 700w, https:\/\/meier-gerdingh.de\/wp-spd-ob\/wp-content\/uploads\/2023\/09\/ov-west-infostand-23-09-23-300x300.jpg 300w, https:\/\/meier-gerdingh.de\/wp-spd-ob\/wp-content\/uploads\/2023\/09\/ov-west-infostand-23-09-23-150x150.jpg 150w, https:\/\/meier-gerdingh.de\/wp-spd-ob\/wp-content\/uploads\/2023\/09\/ov-west-infostand-23-09-23-330x330.jpg 330w\" sizes=\"(max-width: 700px) 100vw, 700px\" \/><\/a>Der SPD-Ortsverein Oberhausen-West setzt im September seine Dialogtour durch Alstaden und Lirich fort. Bei gleich drei Terminen m\u00f6chte das Team um den Ortsvereinsvorsitzenden Alexis Heitmann vor Ort mit den B\u00fcrgerinnen und B\u00fcrgern im September ins Gespr\u00e4ch kommen.<\/p>\n<p>&#8222;Schon bei unseren Veranstaltungen vor der Sommerpause haben wir festgestellt, dass es bei vielen Menschen gerade viel Gespr\u00e4chsbedarf gibt&#8220;, so Heitmann. &#8222;Bei all den Zuspitzungen und populistischen Verdrehungen, die derzeit vor allem in den Sozialen Medien die Runde machen, m\u00f6chten wir uns die Zeit nehmen, ansprechbar f\u00fcr die B\u00fcrgerinnen und B\u00fcrgern zu sein.&#8220;<!--more--><\/p>\n<p>Deshalb haben sich die Genossinnen und Genossen aus dem Oberhausener Westen f\u00fcr den September einiges vorgenommen:<\/p>\n<ul>\n<li>Am <strong>Samstag, 16.09.2023<\/strong> sind die Sozialdemokraten <strong>zwischen 11:00 und 13:00 Uhr<\/strong> mit einem <strong>Infostand am Spielplatz im Altenbergpark<\/strong> in Lirich zu finden. Hier wird SPD-Fraktionschefin und Landtagsabgeordnete <strong>Sonja Bongers<\/strong> zum Gespr\u00e4ch zur Verf\u00fcgung stehen.<\/li>\n<li>Weiter geht es am <strong>Donnerstag, 21.09.2023<\/strong> mit der beliebten <strong>Aktion #RuhrkieselStattM\u00fcll<\/strong>, bei der Unrat eingesammelt und durch k\u00fcnstlerisch gestaltete Steine ersetzt wird. Los geht es hier um <strong>17:00 Uhr<\/strong>, Treffpunkt ist die Ecke Bebelstra\u00dfe \/ Rehmer.<\/li>\n<li>Abgeschlossen wird das Dialog-Tripple am <strong>Samstag, 23.09.2023<\/strong>, mit einem<strong> Infostand auf der Bebelstra\u00dfe 212<\/strong>, auf H\u00f6he des Discounters <strong>Netto<\/strong>. <strong>Zwischen 09:00 und 12:00 Uhr<\/strong> stellen sich unter anderem die <strong>Stadtverordnete Dagmar Heitmann<\/strong> und der <strong>stellvertretende Bezirksb\u00fcrgermeister Ralf Bohnes<\/strong> den Fragen der Alstadenerinnen und Alstadener.<\/li>\n<\/ul>\n","protected":false},"excerpt":{"rendered":"<p>Der SPD-Ortsverein Oberhausen-West setzt im September seine Dialogtour durch Alstaden und Lirich fort. Bei gleich drei Terminen m\u00f6chte das Team um den Ortsvereinsvorsitzenden Alexis Heitmann vor Ort mit den B\u00fcrgerinnen&hellip; <\/p>\n","protected":false},"author":1,"featured_media":0,"comment_status":"closed","ping_status":"closed","sticky":false,"template":"","format":"standard","meta":{"footnotes":""},"categories":[167,171],"tags":[3666,134,3012,3473,3665,1671,3664,183],"quellen":[335],"class_list":["post-10531","post","type-post","status-publish","format-standard","hentry","category-stadtteile","category-veranstaltungen","tag-ruhrkieselstattmuell","tag-alstaden","tag-buergerdialog","tag-buergergespraeche","tag-dialogtour","tag-infostand","tag-infostaende","tag-lirich","quellen-ov-west"],"_links":{"self":[{"href":"https:\/\/meier-gerdingh.de\/wp-spd-ob\/wp-json\/wp\/v2\/posts\/10531","targetHints":{"allow":["GET"]}}],"collection":[{"href":"https:\/\/meier-gerdingh.de\/wp-spd-ob\/wp-json\/wp\/v2\/posts"}],"about":[{"href":"https:\/\/meier-gerdingh.de\/wp-spd-ob\/wp-json\/wp\/v2\/types\/post"}],"author":[{"embeddable":true,"href":"https:\/\/meier-gerdingh.de\/wp-spd-ob\/wp-json\/wp\/v2\/users\/1"}],"replies":[{"embeddable":true,"href":"https:\/\/meier-gerdingh.de\/wp-spd-ob\/wp-json\/wp\/v2\/comments?post=10531"}],"version-history":[{"count":0,"href":"https:\/\/meier-gerdingh.de\/wp-spd-ob\/wp-json\/wp\/v2\/posts\/10531\/revisions"}],"wp:attachment":[{"href":"https:\/\/meier-gerdingh.de\/wp-spd-ob\/wp-json\/wp\/v2\/media?parent=10531"}],"wp:term":[{"taxonomy":"category","embeddable":true,"href":"https:\/\/meier-gerdingh.de\/wp-spd-ob\/wp-json\/wp\/v2\/categories?post=10531"},{"taxonomy":"post_tag","embeddable":true,"href":"https:\/\/meier-gerdingh.de\/wp-spd-ob\/wp-json\/wp\/v2\/tags?post=10531"},{"taxonomy":"quellen","embeddable":true,"href":"https:\/\/meier-gerdingh.de\/wp-spd-ob\/wp-json\/wp\/v2\/quellen?post=10531"}],"curies":[{"name":"wp","href":"https:\/\/api.w.org\/{rel}","templated":true}]}}