{"id":10539,"date":"2023-09-05T15:30:08","date_gmt":"2023-09-05T13:30:08","guid":{"rendered":"https:\/\/meier-gerdingh.de\/wp-spd-ob\/?p=10539"},"modified":"2023-09-05T17:32:54","modified_gmt":"2023-09-05T15:32:54","slug":"sophie-scholl-gymnasium-im-landtag","status":"publish","type":"post","link":"https:\/\/meier-gerdingh.de\/wp-spd-ob\/2023\/09\/05\/sophie-scholl-gymnasium-im-landtag\/","title":{"rendered":"Sophie-Scholl-Gymnasium im Landtag"},"content":{"rendered":"<div id=\"attachment_10537\" style=\"width: 710px\" class=\"wp-caption aligncenter\"><a href=\"https:\/\/meier-gerdingh.de\/wp-spd-ob\/wp-content\/uploads\/2023\/09\/mdl-stefan-zimkeit-ssg-im-landtag-2023-lg.jpg\"><img aria-describedby=\"caption-attachment-10537\" decoding=\"async\" class=\"size-full wp-image-10537\" src=\"https:\/\/meier-gerdingh.de\/wp-spd-ob\/wp-content\/uploads\/2023\/09\/mdl-stefan-zimkeit-ssg-im-landtag-2023.jpg\" alt=\"\" width=\"700\" height=\"365\" srcset=\"https:\/\/meier-gerdingh.de\/wp-spd-ob\/wp-content\/uploads\/2023\/09\/mdl-stefan-zimkeit-ssg-im-landtag-2023.jpg 700w, https:\/\/meier-gerdingh.de\/wp-spd-ob\/wp-content\/uploads\/2023\/09\/mdl-stefan-zimkeit-ssg-im-landtag-2023-300x156.jpg 300w\" sizes=\"(max-width: 700px) 100vw, 700px\" \/><\/a><p id=\"caption-attachment-10537\" class=\"wp-caption-text\">Gruppenfoto mit MdL Stefan Zimkeit: Die Sch\u00fclergruppe des Sophie-Scholl-Gymnasiums beim Landtagsbesuch in D\u00fcsseldorf (Quelle: B\u00fcro Zimkeit)<\/p><\/div>\n<p>&#8222;Chancengleichheit ist im Landtag mein wichtigstes politisches Ziel&#8220;, sagte Stefan Zimkeit bei einem Besuch von 43 Sch\u00fclerinnen und Sch\u00fclern des Sophie-Scholl-Gymnasiums. Doch leider seien gleiche Bildungschancen oft nicht vorhanden, &#8222;und die Corona-Krise hat das Problem erheblich versch\u00e4rft&#8220;, stellte der Sterkrader Abgeordnete fest.<\/p>\n<p>Deswegen fordert er die Landesregierung auf, mehr gegen den Personalmangel insbesondere an den Grundschulen und den Kinderg\u00e4rten zu tun. &#8222;In den Kitas wird die Grundlage f\u00fcr gute Bildungschancen gelegt, und gleichzeitig gibt es dort einen oft dramatischen Fachkr\u00e4ftemangel&#8220;, kn\u00fcpfte er an eine Debatte an, die Sch\u00fclerinnen und Sch\u00fcler zuvor auf der Besuchertrib\u00fcne des Landtags beobachtet haben. Zimkeit m\u00f6chte erreichen, dass die Regelausbildung von Erzieherinnen und Erziehern k\u00fcnftig verg\u00fctet wird, damit der Weg in diesen Beruf attraktiver wird.<!--more--><\/p>\n<p>Die Sch\u00fclerin Arunyah Wardarajah fragte Zimkeit, wie er entscheide, was f\u00fcr die B\u00fcrgerinnen und B\u00fcrger wichtige Themen sind. &#8222;Dazu f\u00fchre ich viele Gespr\u00e4che&#8220;, antworte der Abgeordnete. &#8222;Mit Einzelpersonen, am Rande von Veranstaltungen in meinem Wahlkreis, oder mit Besuchergruppen, die nach D\u00fcsseldorf in den Landtag kommen. Da erfahre ich viel, was ich zuvor nicht wusste&#8220;, so Zimkeit. &#8222;Ich muss aber darauf achten, mir eine eigene Meinung zu bilden. Denn ich darf nicht automatisch die Antworten derjenigen \u00fcbernehmen, die am lautesten schreien.&#8220;<\/p>\n<p>Um zu guten Ergebnissen f\u00fcr die Menschen zu kommen, arbeite er auch mit Abgeordneten anderer Parteien gut zusammen, versicherte Zimkeit. Eine Ausnahme sei die AfD. &#8222;Die ist undemokratisch, rassistisch und hetzerisch. Da ist eine Zusammenarbeit unm\u00f6glich.<\/p>\n<p>Mehr als eine Stunde dauert die lebhafte Diskussion, bei der sehr unterschiedliche Fragen gestellt wurden. Es reichte von der Situation am Sterkrader Markt, \u00fcber Cannabis und Inflation, bis hin zu Waffenlieferungen an die Ukraine.<\/p>\n<p>&#8222;Ich bin sehr froh, dass Olaf Scholz Bundeskanzler ist&#8220;, wies Stefan Zimkeit auf die besonderen Herausforderungen in Krisenzeiten hin. Zimkeit kritisierte, dass in Berlin zu viel Streit nach au\u00dfen getragen werden. Es w\u00e4re besser, die Konflikte intern zu l\u00f6sen.<\/p>\n","protected":false},"excerpt":{"rendered":"<p>&#8222;Chancengleichheit ist im Landtag mein wichtigstes politisches Ziel&#8220;, sagte Stefan Zimkeit bei einem Besuch von 43 Sch\u00fclerinnen und Sch\u00fclern des Sophie-Scholl-Gymnasiums. Doch leider seien gleiche Bildungschancen oft nicht vorhanden, &#8222;und&hellip; <\/p>\n","protected":false},"author":1,"featured_media":0,"comment_status":"closed","ping_status":"closed","sticky":false,"template":"","format":"standard","meta":{"footnotes":""},"categories":[216],"tags":[660,561],"quellen":[331],"class_list":["post-10539","post","type-post","status-publish","format-standard","hentry","category-land","tag-landtagsbesuch","tag-sophie-scholl-gymnasium","quellen-mdl-stefan-zimkeit"],"_links":{"self":[{"href":"https:\/\/meier-gerdingh.de\/wp-spd-ob\/wp-json\/wp\/v2\/posts\/10539","targetHints":{"allow":["GET"]}}],"collection":[{"href":"https:\/\/meier-gerdingh.de\/wp-spd-ob\/wp-json\/wp\/v2\/posts"}],"about":[{"href":"https:\/\/meier-gerdingh.de\/wp-spd-ob\/wp-json\/wp\/v2\/types\/post"}],"author":[{"embeddable":true,"href":"https:\/\/meier-gerdingh.de\/wp-spd-ob\/wp-json\/wp\/v2\/users\/1"}],"replies":[{"embeddable":true,"href":"https:\/\/meier-gerdingh.de\/wp-spd-ob\/wp-json\/wp\/v2\/comments?post=10539"}],"version-history":[{"count":0,"href":"https:\/\/meier-gerdingh.de\/wp-spd-ob\/wp-json\/wp\/v2\/posts\/10539\/revisions"}],"wp:attachment":[{"href":"https:\/\/meier-gerdingh.de\/wp-spd-ob\/wp-json\/wp\/v2\/media?parent=10539"}],"wp:term":[{"taxonomy":"category","embeddable":true,"href":"https:\/\/meier-gerdingh.de\/wp-spd-ob\/wp-json\/wp\/v2\/categories?post=10539"},{"taxonomy":"post_tag","embeddable":true,"href":"https:\/\/meier-gerdingh.de\/wp-spd-ob\/wp-json\/wp\/v2\/tags?post=10539"},{"taxonomy":"quellen","embeddable":true,"href":"https:\/\/meier-gerdingh.de\/wp-spd-ob\/wp-json\/wp\/v2\/quellen?post=10539"}],"curies":[{"name":"wp","href":"https:\/\/api.w.org\/{rel}","templated":true}]}}