{"id":10545,"date":"2023-09-08T11:24:17","date_gmt":"2023-09-08T09:24:17","guid":{"rendered":"https:\/\/meier-gerdingh.de\/wp-spd-ob\/?p=10545"},"modified":"2023-09-10T11:29:23","modified_gmt":"2023-09-10T09:29:23","slug":"einladung-zur-diskussion-ueber-waermeplanung-und-auswirkungen-auf-die-oberhausener-buergerinnen","status":"publish","type":"post","link":"https:\/\/meier-gerdingh.de\/wp-spd-ob\/2023\/09\/08\/einladung-zur-diskussion-ueber-waermeplanung-und-auswirkungen-auf-die-oberhausener-buergerinnen\/","title":{"rendered":"Einladung zur Diskussion \u00fcber W\u00e4rmeplanung und Auswirkungen auf die Oberhausener B\u00fcrgerInnen"},"content":{"rendered":"<p><a href=\"https:\/\/meier-gerdingh.de\/wp-spd-ob\/wp-content\/uploads\/2021\/04\/ov-osterfeld-logo.png\"><img decoding=\"async\" class=\"alignleft size-full wp-image-8142\" src=\"https:\/\/meier-gerdingh.de\/wp-spd-ob\/wp-content\/uploads\/2021\/04\/ov-osterfeld-logo.png\" alt=\"\" width=\"200\" height=\"200\" srcset=\"https:\/\/meier-gerdingh.de\/wp-spd-ob\/wp-content\/uploads\/2021\/04\/ov-osterfeld-logo.png 200w, https:\/\/meier-gerdingh.de\/wp-spd-ob\/wp-content\/uploads\/2021\/04\/ov-osterfeld-logo-150x150.png 150w\" sizes=\"(max-width: 200px) 100vw, 200px\" \/><\/a>Der Ortsverein Osterfeld der SPD l\u00e4dt die B\u00fcrgerinnen und B\u00fcrger herzlich zur <strong>Diskussionsveranstaltung &#8222;W\u00e4rmeplanung und die Auswirkungen auf Oberhausener B\u00fcrgerInnen&#8220;<\/strong> ein. Die Veranstaltung findet statt am <strong>19. September 2023, um 19.00 Uhr, in der Gastst\u00e4tte Koopmann<\/strong>.<\/p>\n<p>Die Frage nach einer nachhaltigen W\u00e4rmeplanung betrifft uns alle. Daher haben wir Experten von der EVO (Energieversorgung Oberhausen) und der GeWo (Wohnungsgesellschaft Oberhausen) eingeladen, um gemeinsam mit uns dieses wichtige Thema zu beleuchten. Unser vorrangiges Ziel ist es, \u00c4ngste abzubauen und offene Fragen zu beantworten, um ein besseres Verst\u00e4ndnis f\u00fcr die Herausforderungen und Chancen in der W\u00e4rmeplanung zu schaffen.<!--more--><\/p>\n<p>Wir freuen uns nicht nur auf unsere Genossen und Genossinnen, sondern auch auf alle interessierten B\u00fcrgerinnen und B\u00fcrger. Verschiedene Meinungen und Anliegen sind uns wichtig und sollen in die Diskussion einflie\u00dfen. Wir sehen gespannt Ihrer Teilnahme entgegen und freuen uns auf eine lebhafte Diskussion \u00fcber die Zukunft der W\u00e4rmeplanung in Oberhausen.<\/p>\n<div class='ajde_evcal_calendar eventon_single_event eventon_event evo_sin_box sev cev color esty_2' ><div class='evo-data'   data-ux_val='1' data-exturl='' data-mapscroll='true' data-mapformat='roadmap' data-mapzoom='16' ><\/div><div class='evo_cal_data' data-sc='{\"excerpt\":\"no\",\"expanded\":\"no\",\"ux_val\":1,\"exturl\":\"\",\"mapscroll\":\"true\",\"mapformat\":\"roadmap\",\"mapzoom\":\"16\",\"maps_load\":\"yes\"}'><\/div><div id='evcal_list' class='eventon_events_list '>Missing Event Data<\/div><\/div>\n","protected":false},"excerpt":{"rendered":"<p>Der Ortsverein Osterfeld der SPD l\u00e4dt die B\u00fcrgerinnen und B\u00fcrger herzlich zur Diskussionsveranstaltung &#8222;W\u00e4rmeplanung und die Auswirkungen auf Oberhausener B\u00fcrgerInnen&#8220; ein. Die Veranstaltung findet statt am 19. September 2023, um&hellip; <\/p>\n","protected":false},"author":1,"featured_media":0,"comment_status":"closed","ping_status":"closed","sticky":false,"template":"","format":"standard","meta":{"footnotes":""},"categories":[3568,171],"tags":[3012,3503,769,765,3678,3677,3679,3680],"quellen":[339],"class_list":["post-10545","post","type-post","status-publish","format-standard","hentry","category-energiewende","category-veranstaltungen","tag-buergerdialog","tag-buergergespraech","tag-evo","tag-fernwaerme","tag-gebaeudeenergiegesetz","tag-geg","tag-gewo","tag-kommunale-waermeplanung","quellen-ov-osterfeld"],"_links":{"self":[{"href":"https:\/\/meier-gerdingh.de\/wp-spd-ob\/wp-json\/wp\/v2\/posts\/10545","targetHints":{"allow":["GET"]}}],"collection":[{"href":"https:\/\/meier-gerdingh.de\/wp-spd-ob\/wp-json\/wp\/v2\/posts"}],"about":[{"href":"https:\/\/meier-gerdingh.de\/wp-spd-ob\/wp-json\/wp\/v2\/types\/post"}],"author":[{"embeddable":true,"href":"https:\/\/meier-gerdingh.de\/wp-spd-ob\/wp-json\/wp\/v2\/users\/1"}],"replies":[{"embeddable":true,"href":"https:\/\/meier-gerdingh.de\/wp-spd-ob\/wp-json\/wp\/v2\/comments?post=10545"}],"version-history":[{"count":0,"href":"https:\/\/meier-gerdingh.de\/wp-spd-ob\/wp-json\/wp\/v2\/posts\/10545\/revisions"}],"wp:attachment":[{"href":"https:\/\/meier-gerdingh.de\/wp-spd-ob\/wp-json\/wp\/v2\/media?parent=10545"}],"wp:term":[{"taxonomy":"category","embeddable":true,"href":"https:\/\/meier-gerdingh.de\/wp-spd-ob\/wp-json\/wp\/v2\/categories?post=10545"},{"taxonomy":"post_tag","embeddable":true,"href":"https:\/\/meier-gerdingh.de\/wp-spd-ob\/wp-json\/wp\/v2\/tags?post=10545"},{"taxonomy":"quellen","embeddable":true,"href":"https:\/\/meier-gerdingh.de\/wp-spd-ob\/wp-json\/wp\/v2\/quellen?post=10545"}],"curies":[{"name":"wp","href":"https:\/\/api.w.org\/{rel}","templated":true}]}}