{"id":10552,"date":"2023-09-11T21:01:17","date_gmt":"2023-09-11T19:01:17","guid":{"rendered":"https:\/\/meier-gerdingh.de\/wp-spd-ob\/?p=10552"},"modified":"2023-09-12T12:25:40","modified_gmt":"2023-09-12T10:25:40","slug":"sterkrader-spd-ortsvereine-informieren-ueber-smart-haus","status":"publish","type":"post","link":"https:\/\/meier-gerdingh.de\/wp-spd-ob\/2023\/09\/11\/sterkrader-spd-ortsvereine-informieren-ueber-smart-haus\/","title":{"rendered":"Sterkrader SPD-Ortsvereine informieren \u00fcber Smart-Haus"},"content":{"rendered":"<p>Thema der n\u00e4chsten gemeinsamen <strong>\u00f6ffentlichen Mitgliederversammlung<\/strong> der Sterkrader SPD-Ortsvereine ist das neue Smart-Haus auf der Steinbrinkstra\u00dfe. Sie findet statt am <strong>Mittwoch, 20.09.2023, ab 18.00 Uhr, im Restaurant &#8222;Neifer&#8220;<\/strong>, Steinbrinkstr. 147 in 46145 Oberhausen. An diesem Abend werden Frau <strong>Amelie Welbers<\/strong>, Leiterin des Smart-Hauses, und ihre Stellvertreterin, <strong>Frau Beate van de Lest<\/strong>, \u00fcber das Projekt informieren.<\/p>\n<p>Im M\u00e4rz 2023 hat das Quartiersb\u00fcro Sterkrade-Mitte in Kooperation mit dem Neuapostolischen Seniorenzentrum Gute Hoffnung und mit der Stadtverwaltung Oberhausen das Smart-Haus auf der Steinbrinkstra\u00dfe er\u00f6ffnet.<br \/>\nIm Smart-Haus werden die B\u00fcrgerinnen und B\u00fcrger zu digitalen Technologien beraten, welche einen l\u00e4ngeren Verbleib in der eigenen H\u00e4uslichkeit gew\u00e4hren sollen.<!--more--><\/p>\n<ul>\n<li>Wie sind die Erfahrungen des ersten halben Jahres?<\/li>\n<li>Wie geht es weiter?<\/li>\n<li>Wie kann Politik und Verwaltung hier unterst\u00fctzen?<\/li>\n<li>Was kann jeder Einzelne beitragen?<\/li>\n<\/ul>\n<p>Wir freuen uns, Sie und Euch bei unserer Veranstaltung begr\u00fc\u00dfen zu k\u00f6nnen. Selbstverst\u00e4ndlich sind auch Freunde, Bekannte und Verwandte hierzu herzlich eingeladen.<\/p>\n<p><strong>J\u00f6rg Schr\u00f6er<\/strong><br \/>\n<em>Vorsitzender OV Sterkrade-S\u00fcd<\/em><\/p>\n<p><strong>Karl-Heinz M\u00fcller<\/strong><br \/>\n<em>Vorsitzender OV Sterkrade-Nord<\/em><\/p>\n<p><strong>Lena Kamps-Engel<\/strong><br \/>\n<em>Vorsitzende OV Alsfeld-Holten<\/em><\/p>\n<div class='ajde_evcal_calendar eventon_single_event eventon_event evo_sin_box sev cev color esty_2' ><div class='evo-data'   data-ux_val='1' data-exturl='' data-mapscroll='true' data-mapformat='roadmap' data-mapzoom='16' ><\/div><div class='evo_cal_data' data-sc='{\"excerpt\":\"no\",\"expanded\":\"no\",\"ux_val\":1,\"exturl\":\"\",\"mapscroll\":\"true\",\"mapformat\":\"roadmap\",\"mapzoom\":\"16\",\"maps_load\":\"yes\"}'><\/div><div id='evcal_list' class='eventon_events_list '>Missing Event Data<\/div><\/div>\n","protected":false},"excerpt":{"rendered":"<p>Thema der n\u00e4chsten gemeinsamen \u00f6ffentlichen Mitgliederversammlung der Sterkrader SPD-Ortsvereine ist das neue Smart-Haus auf der Steinbrinkstra\u00dfe. Sie findet statt am Mittwoch, 20.09.2023, ab 18.00 Uhr, im Restaurant &#8222;Neifer&#8220;, Steinbrinkstr. 147&hellip; <\/p>\n","protected":false},"author":1,"featured_media":0,"comment_status":"closed","ping_status":"closed","sticky":false,"template":"","format":"standard","meta":{"footnotes":""},"categories":[3350,854],"tags":[3445,3059,2450,3058,46,3430,1990],"quellen":[336,337,338],"class_list":["post-10552","post","type-post","status-publish","format-standard","hentry","category-digitalisierung","category-senioren","tag-gute-hoffnung-leben","tag-quartiersbuero-sterkrade-mitte","tag-quartiersbueros","tag-smart-haus","tag-sterkrade","tag-sterkrade-mitte","tag-wohnen-im-alter","quellen-ov-alsfeld-holten","quellen-ov-sterkrade-nord","quellen-ov-sterkrade-sued"],"_links":{"self":[{"href":"https:\/\/meier-gerdingh.de\/wp-spd-ob\/wp-json\/wp\/v2\/posts\/10552","targetHints":{"allow":["GET"]}}],"collection":[{"href":"https:\/\/meier-gerdingh.de\/wp-spd-ob\/wp-json\/wp\/v2\/posts"}],"about":[{"href":"https:\/\/meier-gerdingh.de\/wp-spd-ob\/wp-json\/wp\/v2\/types\/post"}],"author":[{"embeddable":true,"href":"https:\/\/meier-gerdingh.de\/wp-spd-ob\/wp-json\/wp\/v2\/users\/1"}],"replies":[{"embeddable":true,"href":"https:\/\/meier-gerdingh.de\/wp-spd-ob\/wp-json\/wp\/v2\/comments?post=10552"}],"version-history":[{"count":0,"href":"https:\/\/meier-gerdingh.de\/wp-spd-ob\/wp-json\/wp\/v2\/posts\/10552\/revisions"}],"wp:attachment":[{"href":"https:\/\/meier-gerdingh.de\/wp-spd-ob\/wp-json\/wp\/v2\/media?parent=10552"}],"wp:term":[{"taxonomy":"category","embeddable":true,"href":"https:\/\/meier-gerdingh.de\/wp-spd-ob\/wp-json\/wp\/v2\/categories?post=10552"},{"taxonomy":"post_tag","embeddable":true,"href":"https:\/\/meier-gerdingh.de\/wp-spd-ob\/wp-json\/wp\/v2\/tags?post=10552"},{"taxonomy":"quellen","embeddable":true,"href":"https:\/\/meier-gerdingh.de\/wp-spd-ob\/wp-json\/wp\/v2\/quellen?post=10552"}],"curies":[{"name":"wp","href":"https:\/\/api.w.org\/{rel}","templated":true}]}}