{"id":1056,"date":"2013-04-17T16:00:00","date_gmt":"2013-04-17T14:00:00","guid":{"rendered":"http:\/\/www.meier-gerdingh.de\/spd-oberhausen\/wp\/?p=1056"},"modified":"2017-01-03T17:18:36","modified_gmt":"2017-01-03T16:18:36","slug":"verkehrsinsel-auf-der-strasse-buchenweg-wird-wieder-eingerichtet","status":"publish","type":"post","link":"https:\/\/meier-gerdingh.de\/wp-spd-ob\/2013\/04\/17\/verkehrsinsel-auf-der-strasse-buchenweg-wird-wieder-eingerichtet\/","title":{"rendered":"Verkehrsinsel auf der Stra\u00dfe Buchenweg wird wieder eingerichtet"},"content":{"rendered":"<div style=\"width: 150px\" class=\"wp-caption alignleft\"><a href=\"http:\/\/meier-gerdingh.de\/wp-spd-ob\/wp-content\/uploads\/scheffler_stefan_09.jpg\"><img decoding=\"async\" class=\"size-full\" src=\"http:\/\/meier-gerdingh.de\/wp-spd-ob\/wp-content\/uploads\/scheffler_stefan_09.jpg\" alt=\"Stefan Scheffler ist Mitglied des Rates f\u00fcr den Wahlbezirk Schmachtendorf\" width=\"140\" height=\"169\" \/><\/a><p class=\"wp-caption-text\">Stefan Scheffler ist Mitglied des Rates f\u00fcr den Wahlbezirk Schmachtendorf<\/p><\/div>\n<p>Der SPD-Stadtverordnete Stefan Scheffler begr\u00fc\u00dft, dass es auf der Stra\u00dfe &#8222;Buchenweg&#8220; bald wieder eine Verkehrsinsel geben wird. Dies teilte ihm Planungsdezernent Peter Klunk in einer Antwort auf seine Kleine Anfrage an den Oberb\u00fcrgermeister Klaus Wehling mit. Im Zuge umfangreicher Bauarbeiten am &#8222;Buchenweg&#8220; waren die bew\u00e4hrten Querungshilfen zun\u00e4chst verschwunden. Sp\u00e4testens nach der Erneuerung der Fahrbahndecke sollen diese laut st\u00e4dtischer Verwaltung allerdings wiederhergestellt werden.<!--more--><\/p>\n<p>Die Verkehrsinsel bieten den Fu\u00dfg\u00e4ngern eine sicherere M\u00f6glichkeit die Stra\u00dfe zu \u00fcberqueren. Insbesondere sind sie wichtig f\u00fcr die vielen Sch\u00fclerinnen und Sch\u00fcler, die auf ihrem Schulweg an dieser Stelle die Stra\u00dfe passieren, erkl\u00e4rt Stefan Scheffler.<\/p>\n","protected":false},"excerpt":{"rendered":"<p>Der SPD-Stadtverordnete Stefan Scheffler begr\u00fc\u00dft, dass es auf der Stra\u00dfe &#8222;Buchenweg&#8220; bald wieder eine Verkehrsinsel geben wird. Dies teilte ihm Planungsdezernent Peter Klunk in einer Antwort auf seine Kleine Anfrage&hellip; <\/p>\n","protected":false},"author":1,"featured_media":0,"comment_status":"closed","ping_status":"closed","sticky":false,"template":"","format":"standard","meta":{"footnotes":""},"categories":[1],"tags":[],"quellen":[],"class_list":["post-1056","post","type-post","status-publish","format-standard","hentry","category-allgemein"],"_links":{"self":[{"href":"https:\/\/meier-gerdingh.de\/wp-spd-ob\/wp-json\/wp\/v2\/posts\/1056","targetHints":{"allow":["GET"]}}],"collection":[{"href":"https:\/\/meier-gerdingh.de\/wp-spd-ob\/wp-json\/wp\/v2\/posts"}],"about":[{"href":"https:\/\/meier-gerdingh.de\/wp-spd-ob\/wp-json\/wp\/v2\/types\/post"}],"author":[{"embeddable":true,"href":"https:\/\/meier-gerdingh.de\/wp-spd-ob\/wp-json\/wp\/v2\/users\/1"}],"replies":[{"embeddable":true,"href":"https:\/\/meier-gerdingh.de\/wp-spd-ob\/wp-json\/wp\/v2\/comments?post=1056"}],"version-history":[{"count":0,"href":"https:\/\/meier-gerdingh.de\/wp-spd-ob\/wp-json\/wp\/v2\/posts\/1056\/revisions"}],"wp:attachment":[{"href":"https:\/\/meier-gerdingh.de\/wp-spd-ob\/wp-json\/wp\/v2\/media?parent=1056"}],"wp:term":[{"taxonomy":"category","embeddable":true,"href":"https:\/\/meier-gerdingh.de\/wp-spd-ob\/wp-json\/wp\/v2\/categories?post=1056"},{"taxonomy":"post_tag","embeddable":true,"href":"https:\/\/meier-gerdingh.de\/wp-spd-ob\/wp-json\/wp\/v2\/tags?post=1056"},{"taxonomy":"quellen","embeddable":true,"href":"https:\/\/meier-gerdingh.de\/wp-spd-ob\/wp-json\/wp\/v2\/quellen?post=1056"}],"curies":[{"name":"wp","href":"https:\/\/api.w.org\/{rel}","templated":true}]}}