{"id":1057,"date":"2013-04-22T16:00:00","date_gmt":"2013-04-22T14:00:00","guid":{"rendered":"http:\/\/www.meier-gerdingh.de\/spd-oberhausen\/wp\/?p=1057"},"modified":"2017-01-03T17:18:50","modified_gmt":"2017-01-03T16:18:50","slug":"spd-im-sterkrader-norden-informierte-ueber-bauvorhaben-und-bebauungsplaene","status":"publish","type":"post","link":"https:\/\/meier-gerdingh.de\/wp-spd-ob\/2013\/04\/22\/spd-im-sterkrader-norden-informierte-ueber-bauvorhaben-und-bebauungsplaene\/","title":{"rendered":"SPD im Sterkrader Norden informierte \u00fcber Bauvorhaben und Bebauungspl\u00e4ne"},"content":{"rendered":"<div style=\"width: 150px\" class=\"wp-caption alignleft\"><a href=\"http:\/\/meier-gerdingh.de\/wp-spd-ob\/wp-content\/uploads\/scheffler_stefan_09.jpg\"><img decoding=\"async\" class=\"size-full\" src=\"http:\/\/meier-gerdingh.de\/wp-spd-ob\/wp-content\/uploads\/scheffler_stefan_09.jpg\" alt=\"Stefan Scheffler ist Mitglied des Rates f\u00fcr den Wahlbezirk Schmachtendorf\" width=\"140\" height=\"169\" \/><\/a><p class=\"wp-caption-text\">Stefan Scheffler ist Mitglied des Rates f\u00fcr den Wahlbezirk Schmachtendorf<\/p><\/div>\n<p>Im Rahmen einer B\u00fcrgerversammlung informierte am vergangenen Mittwoch der SPD-Ortsverein Sterkrade-Nord \u00fcber Baubebauungspl\u00e4ne und Bauvorhaben im Sterkrader Norden. Zahlreiche B\u00fcrgerinnen und B\u00fcrger folgten der Einladung zur B\u00fcrgerversammlung und diskutierten dabei engagiert im evangelischen Gemeindezentrum an der Forststra\u00dfe \u00fcber die zuk\u00fcnftige Entwicklung des Sterkrader Nordens. Stadtplanungsreferent Peter Klunk informierte \u00fcber Ziele der Bauleitplanung und Bebauungspl\u00e4ne allgemein und ging dann detailliert auf die Sterkrade-Nord betreffenden Planungen ein.<!--more--><\/p>\n<p>So gibt es\u00a0 an der\u00a0Oranien- \/ Tenterstra\u00dfe\u00a0nun eine Ver\u00e4nderung der Gebietszuweisung. Hier ist nun zuk\u00fcnftig Einzelhandels-, als auch Wohnungsbebauung m\u00f6glich. F\u00fcr welche Planungen sich die beteiligten Akteure entscheiden, ist jedoch noch offen.<\/p>\n<p>Zum Leerstand\u00a0Dudelerstra\u00dfe\/Oranienstra\u00dfe: Hier ist das Einzelhandelsunternehmen aus der Immobilie ausgezogen, weil die Fl\u00e4chengr\u00f6\u00dfe der Immobilie den aktuellen Anforderungen von Einzelh\u00e4ndlern nicht mehr entspricht. Die Lage in Schmachtendorf wird jedoch grunds\u00e4tzlich f\u00fcr gut befunden. Stadtverordneter Stefan Scheffler betonte, dass man auf jeden Fall einen l\u00e4ngeren Leerstand verhindern m\u00f6chte. Um an dieser Stelle einen neuen privaten Investor zu finden, gilt es nun zu \u00fcberlegen, wie die Immobilie den aktuellen Anforderungen des Einzelhandels angepasst werden kann.<\/p>\n<p>An der\u00a0Gabelstra\u00dfe\u00a0befindet sich nun ein Einzelhandel, der das in einem Gutachten bescheinigte Nahversorgungsdefizit f\u00fcr die Walsumermark schlie\u00dfe. Am\u00a0Nordschacht\u00a0saugt ein Energieversorger das Grubengas noch etwa f\u00fcnf Jahre ab, danach gibt es hier Rekultivierungspl\u00e4ne.<\/p>\n<p>Detailliert und umfangreich ging Peter Klunk auf die Bebauungspl\u00e4ne\u00a0Am T\u00fcsselbeck\u00a0ein. Ein Projektentwickler wolle hier Mehrgenerationenwohnen erm\u00f6glichen, sowohl zur Miete, als auch in Eigentum, dies im Nullenergiestandard und in nachhaltiger Bauweise. Der Stadtplanungsdezernent wies hier insbesondere auf die Bedeutung des L\u00e4rmschutzes hin.<\/p>\n","protected":false},"excerpt":{"rendered":"<p>Im Rahmen einer B\u00fcrgerversammlung informierte am vergangenen Mittwoch der SPD-Ortsverein Sterkrade-Nord \u00fcber Baubebauungspl\u00e4ne und Bauvorhaben im Sterkrader Norden. Zahlreiche B\u00fcrgerinnen und B\u00fcrger folgten der Einladung zur B\u00fcrgerversammlung und diskutierten dabei&hellip; <\/p>\n","protected":false},"author":1,"featured_media":0,"comment_status":"closed","ping_status":"closed","sticky":false,"template":"","format":"standard","meta":{"footnotes":""},"categories":[1],"tags":[],"quellen":[],"class_list":["post-1057","post","type-post","status-publish","format-standard","hentry","category-allgemein"],"_links":{"self":[{"href":"https:\/\/meier-gerdingh.de\/wp-spd-ob\/wp-json\/wp\/v2\/posts\/1057","targetHints":{"allow":["GET"]}}],"collection":[{"href":"https:\/\/meier-gerdingh.de\/wp-spd-ob\/wp-json\/wp\/v2\/posts"}],"about":[{"href":"https:\/\/meier-gerdingh.de\/wp-spd-ob\/wp-json\/wp\/v2\/types\/post"}],"author":[{"embeddable":true,"href":"https:\/\/meier-gerdingh.de\/wp-spd-ob\/wp-json\/wp\/v2\/users\/1"}],"replies":[{"embeddable":true,"href":"https:\/\/meier-gerdingh.de\/wp-spd-ob\/wp-json\/wp\/v2\/comments?post=1057"}],"version-history":[{"count":0,"href":"https:\/\/meier-gerdingh.de\/wp-spd-ob\/wp-json\/wp\/v2\/posts\/1057\/revisions"}],"wp:attachment":[{"href":"https:\/\/meier-gerdingh.de\/wp-spd-ob\/wp-json\/wp\/v2\/media?parent=1057"}],"wp:term":[{"taxonomy":"category","embeddable":true,"href":"https:\/\/meier-gerdingh.de\/wp-spd-ob\/wp-json\/wp\/v2\/categories?post=1057"},{"taxonomy":"post_tag","embeddable":true,"href":"https:\/\/meier-gerdingh.de\/wp-spd-ob\/wp-json\/wp\/v2\/tags?post=1057"},{"taxonomy":"quellen","embeddable":true,"href":"https:\/\/meier-gerdingh.de\/wp-spd-ob\/wp-json\/wp\/v2\/quellen?post=1057"}],"curies":[{"name":"wp","href":"https:\/\/api.w.org\/{rel}","templated":true}]}}