{"id":1065,"date":"2013-06-10T16:00:00","date_gmt":"2013-06-10T14:00:00","guid":{"rendered":"http:\/\/www.meier-gerdingh.de\/spd-oberhausen\/wp\/?p=1065"},"modified":"2017-01-03T17:20:42","modified_gmt":"2017-01-03T16:20:42","slug":"serioes-geht-anders-herr-schranz","status":"publish","type":"post","link":"https:\/\/meier-gerdingh.de\/wp-spd-ob\/2013\/06\/10\/serioes-geht-anders-herr-schranz\/","title":{"rendered":"Seri\u00f6s geht anders, Herr Schranz!"},"content":{"rendered":"<div style=\"width: 150px\" class=\"wp-caption alignleft\"><a href=\"http:\/\/meier-gerdingh.de\/wp-spd-ob\/wp-content\/uploads\/grosse_broemer_wolfgang_12.jpg\"><img decoding=\"async\" class=\"size-full\" src=\"http:\/\/meier-gerdingh.de\/wp-spd-ob\/wp-content\/uploads\/grosse_broemer_wolfgang_12.jpg\" alt=\"Wolfgang Gro\u00dfe Br\u00f6mer ist Vorsitzender der SPD-Fraktion und Mitglied des Landtags von Nordrhein-Westfalen\" width=\"140\" height=\"169\" \/><\/a><p class=\"wp-caption-text\">Wolfgang Gro\u00dfe Br\u00f6mer ist Vorsitzender der SPD-Fraktion und Mitglied des Landtags von Nordrhein-Westfalen<\/p><\/div>\n<p>&#8222;Es ist wirklich nur noch bedauerlich, in welch unsachlicher Art und Weise Herr Schranz versucht, sein d\u00fcnnes parteipolitisches S\u00fcppchen zu kochen&#8220;, urteilt SPD-Fraktionschef Wolfgang Gro\u00dfe Br\u00f6mer \u00fcber die j\u00fcngste CDU-Pressemitteilung, in der Schranz der SPD Kumpanei mit ASO-Gesch\u00e4ftsf\u00fchrer Udo Spiecker vorwirft. &#8222;Ich bin selbst regelm\u00e4\u00dfiger Besucher der Alteneinrichtungen. Von einem Klima der Angst, wie es Herr Schranz pausenlos unterstellt, ist dort nichts zu sp\u00fcren.&#8220;<!--more--><\/p>\n<p>Feststellen k\u00f6nne man aber eine zunehmende Verunsicherung unter den Bewohnerinnen und Bewohnern. &#8222;Ist Herrn Schranz eigentlich nicht klar, welche \u00c4ngste und Sorgen er mit seiner ASO-Kampagne bei den betagten Seniorinnen und Senioren ausl\u00f6st?&#8220;, fragt Gro\u00dfe Br\u00f6mer. Der Zweck \u2013 in diesem Fall einmal mehr das Polemisieren gegen die SPD \u2013 k\u00f6nne doch nicht jedes Mittel heiligen.<\/p>\n<p>Wenn tats\u00e4chlich Handlungen oder Sachverhalte zu kritisieren sind, dann sei es Aufgabe der demokratisch gew\u00e4hlten Gremien, also von Betriebsrat und Aufsichtsrat der ASO, diese zu untersuchen und gegebenenfalls abzustellen. Und dazu geh\u00f6re selbstverst\u00e4ndlich auch die Beurteilung der Unterschriftensammlung, deren Ablauforganisation durchaus kritisch hinterfragt werden m\u00fcsse. &#8222;Wenn nicht belegt werden kann, ob wirklich 200 &#8218;mutige&#8216; Besch\u00e4ftigte \u2013 wie Herr Schranz meint \u2013 unterschrieben haben, oder vielleicht nur einige wenige Unzufriedene sich mehrfach beteiligt haben, dann kann man sicherlich nicht von einer seri\u00f6sen Umfrage sprechen.&#8220;<\/p>\n<p>Gro\u00dfe Br\u00f6mer schl\u00e4gt einen &#8222;runden Tisch&#8220; unter der Verantwortung des Aufsichtsrates mit der Beteiligung der Gesch\u00e4ftsf\u00fchrung, des Betriebsrates und Verdi vor, damit der Vorgang sachlich aufgearbeitet werden kann.<br \/>\n&#8222;Die vorbildlich und zuverl\u00e4ssig arbeitenden ASO-Besch\u00e4ftigten haben eine objektive, faire und gerechte Behandlung ihrer Anliegen verdient \u2013 aber keine Instrumentalisierung als Spielball von w\u00fctenden CDU-Attacken&#8220;, meint Gro\u00dfe Br\u00f6mer abschlie\u00dfend.<\/p>\n","protected":false},"excerpt":{"rendered":"<p>&#8222;Es ist wirklich nur noch bedauerlich, in welch unsachlicher Art und Weise Herr Schranz versucht, sein d\u00fcnnes parteipolitisches S\u00fcppchen zu kochen&#8220;, urteilt SPD-Fraktionschef Wolfgang Gro\u00dfe Br\u00f6mer \u00fcber die j\u00fcngste CDU-Pressemitteilung,&hellip; <\/p>\n","protected":false},"author":1,"featured_media":0,"comment_status":"closed","ping_status":"closed","sticky":false,"template":"","format":"standard","meta":{"footnotes":""},"categories":[1],"tags":[],"quellen":[],"class_list":["post-1065","post","type-post","status-publish","format-standard","hentry","category-allgemein"],"_links":{"self":[{"href":"https:\/\/meier-gerdingh.de\/wp-spd-ob\/wp-json\/wp\/v2\/posts\/1065","targetHints":{"allow":["GET"]}}],"collection":[{"href":"https:\/\/meier-gerdingh.de\/wp-spd-ob\/wp-json\/wp\/v2\/posts"}],"about":[{"href":"https:\/\/meier-gerdingh.de\/wp-spd-ob\/wp-json\/wp\/v2\/types\/post"}],"author":[{"embeddable":true,"href":"https:\/\/meier-gerdingh.de\/wp-spd-ob\/wp-json\/wp\/v2\/users\/1"}],"replies":[{"embeddable":true,"href":"https:\/\/meier-gerdingh.de\/wp-spd-ob\/wp-json\/wp\/v2\/comments?post=1065"}],"version-history":[{"count":0,"href":"https:\/\/meier-gerdingh.de\/wp-spd-ob\/wp-json\/wp\/v2\/posts\/1065\/revisions"}],"wp:attachment":[{"href":"https:\/\/meier-gerdingh.de\/wp-spd-ob\/wp-json\/wp\/v2\/media?parent=1065"}],"wp:term":[{"taxonomy":"category","embeddable":true,"href":"https:\/\/meier-gerdingh.de\/wp-spd-ob\/wp-json\/wp\/v2\/categories?post=1065"},{"taxonomy":"post_tag","embeddable":true,"href":"https:\/\/meier-gerdingh.de\/wp-spd-ob\/wp-json\/wp\/v2\/tags?post=1065"},{"taxonomy":"quellen","embeddable":true,"href":"https:\/\/meier-gerdingh.de\/wp-spd-ob\/wp-json\/wp\/v2\/quellen?post=1065"}],"curies":[{"name":"wp","href":"https:\/\/api.w.org\/{rel}","templated":true}]}}