{"id":1066,"date":"2013-06-12T16:00:00","date_gmt":"2013-06-12T14:00:00","guid":{"rendered":"http:\/\/www.meier-gerdingh.de\/spd-oberhausen\/wp\/?p=1066"},"modified":"2017-01-03T17:25:28","modified_gmt":"2017-01-03T16:25:28","slug":"schmutzkampagne-schadet-der-aso-cdu-allianz-mit-den-linken-ist-unverantwortlich","status":"publish","type":"post","link":"https:\/\/meier-gerdingh.de\/wp-spd-ob\/2013\/06\/12\/schmutzkampagne-schadet-der-aso-cdu-allianz-mit-den-linken-ist-unverantwortlich\/","title":{"rendered":"Schmutzkampagne schadet der ASO <br>&#8211; CDU Allianz mit den LINKEN ist unverantwortlich"},"content":{"rendered":"<div style=\"width: 150px\" class=\"wp-caption alignleft\"><a href=\"http:\/\/meier-gerdingh.de\/wp-spd-ob\/wp-content\/uploads\/grosse_broemer_wolfgang_12.jpg\"><img decoding=\"async\" class=\"size-full\" src=\"http:\/\/meier-gerdingh.de\/wp-spd-ob\/wp-content\/uploads\/grosse_broemer_wolfgang_12.jpg\" alt=\"Wolfgang Gro\u00dfe Br\u00f6mer ist Vorsitzender der SPD-Ratsfraktion und Mitglied des Landtags von Nordrhein-Westfalen\" width=\"140\" height=\"169\" \/><\/a><p class=\"wp-caption-text\">Wolfgang Gro\u00dfe Br\u00f6mer ist Vorsitzender der SPD-Ratsfraktion und Mitglied des Landtags von Nordrhein-Westfalen<\/p><\/div>\n<p>&#8222;Wir haben es mit einer unertr\u00e4glichen Schmutzkampagne zu Lasten einer erfolgreichen st\u00e4dtischen Gesellschaft zu tun, die bar jeder Faktenlage betrieben wird&#8220;, so kommentiert SPD Fraktionschef Wolfgang Gro\u00dfe Br\u00f6mer die j\u00fcngsten Einlassungen des CDU-Fraktionsvorsitzenden Daniel Schranz zur st\u00e4dtischen Alteneinrichtung ASO. Schranz hatte gemeinsam mit der LINKEN.Liste presse\u00f6ffentlich unter anderem die Abl\u00f6sung von ASO-Gesch\u00e4ftsf\u00fchrer Udo Spiecker gefordert. &#8222;Als Trittbrettfahrer der LINKEN aufzutreten und ohne arbeitsrechtlich belastbare Argumente den Austausch der Gesch\u00e4ftsf\u00fchrung zu verlangen, ist einer gro\u00dfen Oppositionsfraktion wie der CDU unw\u00fcrdig!&#8220;<!--more--><\/p>\n<p>Seit Jahren stimmen Qualit\u00e4t und Bilanzen bei der Stadttochter ASO, die sich im Konkurrenzkampf mit anderen Tr\u00e4gern stets behaupten konnte. Die in der letzten Woche vorgelegten vorl\u00e4ufigen Ergebnisse der j\u00e4hrlichen Pr\u00fcfung der Krankenversicherungen (MDK) haben der ASO und somit auch dem Gesch\u00e4ftsf\u00fchrer Udo Spiecker Bestnoten von 1,0 bei der Bewohnerzufriedenheit und 1,3 bei der Pflegedokumentation bescheinigt. Dies seien Tatsachen &#8211; anders als billige Vorw\u00fcrfe auf der Grundlage von Parolen, Ger\u00fcchten und Verschw\u00f6rungstheorien.<\/p>\n<p>Das Wohl der pflegebed\u00fcrftigen Menschen in den Einrichtungen der ASO sei in der \u00f6ffentlichen Diskussion der letzten Wochen viel zu kurz gekommen, so die Sozialdemokraten. So k\u00f6nne beispielsweise auch eine Abmahnung bei Fehlverhalten dem Wohl der schutzbefohlenen Menschen dienen und d\u00fcrfe nicht allein als Rachefeldzug der Gesch\u00e4ftsleitung fehlinterpretiert werden.<\/p>\n<p>&#8222;Die Faktenlage zum Betriebsklima und der Mitarbeiterzufriedenheit muss seri\u00f6s aufgearbeitet werden. Hier decken sich die Eindr\u00fccke des gew\u00e4hlten Betriebsrates nicht eins zu eins mit den Stellungnahmen der Vertrauensleute der Gewerkschaft. Wie weit die Ver.di-Befragung hier \u00fcberhaupt seri\u00f6se und belastbare Hinweise gegeben kann, muss der Aufsichtsrat gemeinsam mit Gesch\u00e4ftsf\u00fchrung, dem Betriebsrat sowie den Vertretern von Ver.di und Vertrauensleuten bewerten. Und dies sachlich und nicht auf dem Niveau einer Ger\u00fcchtek\u00fcche wie es die CDU mit ihrer Kampagne zum Schaden der Stadt Oberhausen zurzeit betreibt,&#8220; so Gro\u00dfe Br\u00f6mer abschlie\u00dfend.<\/p>\n","protected":false},"excerpt":{"rendered":"<p>&#8222;Wir haben es mit einer unertr\u00e4glichen Schmutzkampagne zu Lasten einer erfolgreichen st\u00e4dtischen Gesellschaft zu tun, die bar jeder Faktenlage betrieben wird&#8220;, so kommentiert SPD Fraktionschef Wolfgang Gro\u00dfe Br\u00f6mer die j\u00fcngsten&hellip; <\/p>\n","protected":false},"author":1,"featured_media":0,"comment_status":"closed","ping_status":"closed","sticky":false,"template":"","format":"standard","meta":{"footnotes":""},"categories":[1],"tags":[],"quellen":[],"class_list":["post-1066","post","type-post","status-publish","format-standard","hentry","category-allgemein"],"_links":{"self":[{"href":"https:\/\/meier-gerdingh.de\/wp-spd-ob\/wp-json\/wp\/v2\/posts\/1066","targetHints":{"allow":["GET"]}}],"collection":[{"href":"https:\/\/meier-gerdingh.de\/wp-spd-ob\/wp-json\/wp\/v2\/posts"}],"about":[{"href":"https:\/\/meier-gerdingh.de\/wp-spd-ob\/wp-json\/wp\/v2\/types\/post"}],"author":[{"embeddable":true,"href":"https:\/\/meier-gerdingh.de\/wp-spd-ob\/wp-json\/wp\/v2\/users\/1"}],"replies":[{"embeddable":true,"href":"https:\/\/meier-gerdingh.de\/wp-spd-ob\/wp-json\/wp\/v2\/comments?post=1066"}],"version-history":[{"count":0,"href":"https:\/\/meier-gerdingh.de\/wp-spd-ob\/wp-json\/wp\/v2\/posts\/1066\/revisions"}],"wp:attachment":[{"href":"https:\/\/meier-gerdingh.de\/wp-spd-ob\/wp-json\/wp\/v2\/media?parent=1066"}],"wp:term":[{"taxonomy":"category","embeddable":true,"href":"https:\/\/meier-gerdingh.de\/wp-spd-ob\/wp-json\/wp\/v2\/categories?post=1066"},{"taxonomy":"post_tag","embeddable":true,"href":"https:\/\/meier-gerdingh.de\/wp-spd-ob\/wp-json\/wp\/v2\/tags?post=1066"},{"taxonomy":"quellen","embeddable":true,"href":"https:\/\/meier-gerdingh.de\/wp-spd-ob\/wp-json\/wp\/v2\/quellen?post=1066"}],"curies":[{"name":"wp","href":"https:\/\/api.w.org\/{rel}","templated":true}]}}