{"id":1068,"date":"2013-06-14T16:00:00","date_gmt":"2013-06-14T14:00:00","guid":{"rendered":"http:\/\/www.meier-gerdingh.de\/spd-oberhausen\/wp\/?p=1068"},"modified":"2017-01-03T17:25:43","modified_gmt":"2017-01-03T16:25:43","slug":"das-ruhrgebiet-braucht-mehr-selbstbewusstsein","status":"publish","type":"post","link":"https:\/\/meier-gerdingh.de\/wp-spd-ob\/2013\/06\/14\/das-ruhrgebiet-braucht-mehr-selbstbewusstsein\/","title":{"rendered":"&#8222;Das Ruhrgebiet braucht mehr Selbstbewusstsein&#8220;"},"content":{"rendered":"<div style=\"width: 150px\" class=\"wp-caption alignleft\"><a href=\"http:\/\/meier-gerdingh.de\/wp-spd-ob\/wp-content\/uploads\/baranowski_frank.jpg\"><img decoding=\"async\" class=\"size-full\" src=\"http:\/\/meier-gerdingh.de\/wp-spd-ob\/wp-content\/uploads\/baranowski_frank.jpg\" alt=\"Frank Baranowski: Oberb\u00fcrgermeister von Gelsenkirchen und Sprecher der Ruhr-SPD\" width=\"140\" height=\"196\" \/><\/a><p class=\"wp-caption-text\">Frank Baranowski: Oberb\u00fcrgermeister von Gelsenkirchen und Sprecher der Ruhr-SPD<\/p><\/div>\n<p>Nach dem Abschluss der SPD-Kommunalakademie ist noch lange nicht Schluss. Mitte dieser Woche trafen die Teilnehmerinnen und Teilnehmer den Gelsenkirchener Oberb\u00fcrgermeister und RuhrSPD-Sprecher Frank Baranowski zu einem Kamingespr\u00e4ch. Mehrere Aspekte interessierten die jungen Nachwuchskr\u00e4fte: Baranowski solle zun\u00e4chst von seinem Werdegang erz\u00e4hlen. &#8222;Eigentlich wollte ich nie Berufspolitiker sondern Lehrer werden.&#8220; Doch als er nach dem Studium keine Anstellung fand, arbeitete er als Mitarbeiter eines Landtagsabgeordneten. Sp\u00e4ter sa\u00df er selbst im Landtag von NRW, dann wurde er Oberb\u00fcrgermeister der Gelsenkirchener.<!--more--><\/p>\n<p>Mit dieser Karriere habe ich nie gerechnet. Ich finde es auch eher unheimlich, wenn man direkt von Anfang an ganz genau wei\u00df, wo man hin will. Nach den Vor- und Nachteilen seines jetzigen Jobs gefragt, sagte Baranowski: &#8222;Als OB trifft man t\u00e4glich auf die Welt. Das ist manchmal schwer, aber es h\u00e4lt einen auf dem Boden.&#8220;<\/p>\n<p>Dem Nachwuchs gab er zwei Tipps mit auf den Weg: Priorit\u00e4ten setzen, um sich nicht zu \u00fcberfordern und seinen Job gut zu machen und sich mit anderen jungen Politikern zusammen zu schlie\u00dfen.<\/p>\n<p>Auch inhaltlich f\u00fchlten die Absolventen dem Gast auf den Zahn: Ob \u00fcber den Umgang mit beinahe insolventen Fu\u00dfballclubs, \u00fcber die Novellierung des RVR-Gesetzes, die Metropole Ruhr oder eine Gewerbesteuerreform. Also alles Themen, die den jungen Diskutanten in ihrer politischen Laufbahn immer wieder begegnen werden und zu denen Frank Baranowski klar Position bezieht. &#8222;Ja, alle Unternehmen m\u00fcssen an ihrem jeweiligen Standort Gewerbesteuer zahlen. Wir St\u00e4dte sollen ihnen ja auch die n\u00f6tige Infrastruktur stellen.&#8220;<\/p>\n<p>Auch das Ruhrgebiet liegt ihm am Herzen: &#8222;Wir brauchen mehr Selbstbewusstsein. London und Paris tragen auch nicht die Metropole im Namen. Sie sind es einfach.&#8220; Deshalb m\u00fcsse man bei der RVR-Gesetzesnovellierung auch zun\u00e4chst \u00fcber neue Aufgaben des Regionalverbandes Ruhr und erst anschlie\u00dfend dann \u00fcber die Strukturen sprechen.<\/p>\n<p>Am Ende zeigten sich alle Teilnehmerinnen und Teilnehmer begeistert. Kommunalakademiker Kai Wesely: &#8222;Das war mal ein Gespr\u00e4ch mit klaren Aussagen und ohne Politikersprech. Sympathischer Mann.&#8220;<\/p>\n","protected":false},"excerpt":{"rendered":"<p>Nach dem Abschluss der SPD-Kommunalakademie ist noch lange nicht Schluss. Mitte dieser Woche trafen die Teilnehmerinnen und Teilnehmer den Gelsenkirchener Oberb\u00fcrgermeister und RuhrSPD-Sprecher Frank Baranowski zu einem Kamingespr\u00e4ch. Mehrere Aspekte&hellip; <\/p>\n","protected":false},"author":1,"featured_media":0,"comment_status":"closed","ping_status":"closed","sticky":false,"template":"","format":"standard","meta":{"footnotes":""},"categories":[1],"tags":[],"quellen":[],"class_list":["post-1068","post","type-post","status-publish","format-standard","hentry","category-allgemein"],"_links":{"self":[{"href":"https:\/\/meier-gerdingh.de\/wp-spd-ob\/wp-json\/wp\/v2\/posts\/1068","targetHints":{"allow":["GET"]}}],"collection":[{"href":"https:\/\/meier-gerdingh.de\/wp-spd-ob\/wp-json\/wp\/v2\/posts"}],"about":[{"href":"https:\/\/meier-gerdingh.de\/wp-spd-ob\/wp-json\/wp\/v2\/types\/post"}],"author":[{"embeddable":true,"href":"https:\/\/meier-gerdingh.de\/wp-spd-ob\/wp-json\/wp\/v2\/users\/1"}],"replies":[{"embeddable":true,"href":"https:\/\/meier-gerdingh.de\/wp-spd-ob\/wp-json\/wp\/v2\/comments?post=1068"}],"version-history":[{"count":0,"href":"https:\/\/meier-gerdingh.de\/wp-spd-ob\/wp-json\/wp\/v2\/posts\/1068\/revisions"}],"wp:attachment":[{"href":"https:\/\/meier-gerdingh.de\/wp-spd-ob\/wp-json\/wp\/v2\/media?parent=1068"}],"wp:term":[{"taxonomy":"category","embeddable":true,"href":"https:\/\/meier-gerdingh.de\/wp-spd-ob\/wp-json\/wp\/v2\/categories?post=1068"},{"taxonomy":"post_tag","embeddable":true,"href":"https:\/\/meier-gerdingh.de\/wp-spd-ob\/wp-json\/wp\/v2\/tags?post=1068"},{"taxonomy":"quellen","embeddable":true,"href":"https:\/\/meier-gerdingh.de\/wp-spd-ob\/wp-json\/wp\/v2\/quellen?post=1068"}],"curies":[{"name":"wp","href":"https:\/\/api.w.org\/{rel}","templated":true}]}}