{"id":1069,"date":"2013-06-18T16:00:00","date_gmt":"2013-06-18T14:00:00","guid":{"rendered":"http:\/\/www.meier-gerdingh.de\/spd-oberhausen\/wp\/?p=1069"},"modified":"2017-01-03T17:25:57","modified_gmt":"2017-01-03T16:25:57","slug":"die-spd-steht-fuer-ein-solidarisches-deutschland","status":"publish","type":"post","link":"https:\/\/meier-gerdingh.de\/wp-spd-ob\/2013\/06\/18\/die-spd-steht-fuer-ein-solidarisches-deutschland\/","title":{"rendered":"Die SPD steht f\u00fcr ein solidarisches Deutschland"},"content":{"rendered":"<div style=\"width: 150px\" class=\"wp-caption alignleft\"><a href=\"http:\/\/meier-gerdingh.de\/wp-spd-ob\/wp-content\/uploads\/voepel_dirk_12.jpg\"><img decoding=\"async\" class=\"size-full\" src=\"http:\/\/meier-gerdingh.de\/wp-spd-ob\/wp-content\/uploads\/voepel_dirk_12.jpg\" alt=\"Dirk V\u00f6pel ist Bezirksb\u00fcrgermeister von Alt-Oberhausen und SPD-Bundestagskandidat f\u00fcr Oberhausen und Dinslaken\" width=\"140\" height=\"180\" \/><\/a><p class=\"wp-caption-text\">Dirk V\u00f6pel ist Bezirksb\u00fcrgermeister von Alt-Oberhausen und SPD-Bundestagskandidat f\u00fcr Oberhausen und Dinslaken<\/p><\/div>\n<p><i>Knapp einhundert Tage vor der Wahl hat die SPD auf dem Parteikonvent am Wochenende in Berlin ihren Gegenentwurf zur Politik der schwarz-gelben Bundesregierung unterstrichen. Hierzu erkl\u00e4rt der SPD-Bundestagskandidat f\u00fcr Oberhausen und Dinslaken Dirk V\u00f6pel:<\/i><\/p>\n<p>&#8222;Die SPD geht mit einem klaren Konzept f\u00fcr gute Arbeit, f\u00fcr moderne Familienpolitik und sichere Renten in die Schlussphase des Wahlkampfs. Wir Sozialdemokratinnen und Sozialdemokraten stehen f\u00fcr ein Land, das seine Werte wieder entdeckt und wei\u00df, dass wir nur gemeinsam und solidarisch eine gute Zukunft schaffen k\u00f6nnen. Wir k\u00e4mpfen f\u00fcr junge Familien oder Alleinerziehende, deren Gehalt nicht mehr f\u00fcr eine gute Wohnung reicht. F\u00fcr Selbstst\u00e4ndige, Neugr\u00fcnder und Kreative, die sich nicht selten selbst ausbeuten, um \u00fcber die Runden zu kommen. F\u00fcr alle Menschen, die hart arbeiten &#8211; und trotzdem f\u00fcr ihren Flei\u00df und ihre Anstrengung von der schwarz-gelben Bundesregierung und Kanzlerin Angela Merkel keinen fairen Anteil am Wohlstand unserer Gesellschaft erhalten. Und f\u00fcr diejenigen, die trotz aller Anstrengungen keine Arbeit bekommen.<!--more--><\/p>\n<p>Konkret hei\u00dft das:<\/p>\n<ul>\n<li>Die SPD wird daf\u00fcr sorgen, dass wieder Recht und Ordnung auf dem Arbeitsmarkt herrschen: Mit einem fl\u00e4chendeckenden gesetzlichen Mindestlohn von 8,50 Euro, durch Bindung an Tarifvertr\u00e4ge mit fairen L\u00f6hnen und die Begrenzung von Leiharbeit.<\/li>\n<li>Wir k\u00e4mpfen daf\u00fcr, dass Frauen und M\u00e4nner endlich den gleichen Lohn f\u00fcr gleiche Arbeit bekommen!<\/li>\n<li>Wir wollen daf\u00fcr sorgen, dass Arbeiten und Leben, Beruf und Familie besser vereinbar werden: durch den Ausbau der Betreuungsangebote f\u00fcr Kinder ebenso wie durch die abgesicherte und gef\u00f6rderte M\u00f6glichkeit f\u00fcr Eltern, ihre Arbeitszeit zeitlich begrenzt zu verringern und anschlie\u00dfend zur alten Arbeitszeit zur\u00fcckzukehren.<\/li>\n<li>Die SPD steht f\u00fcr eine Begrenzung von Mieterh\u00f6hungen bei Neuvermietungen.<\/li>\n<li>Wir wollen ein sozial gestaffeltes neues Kindergeld schaffen, das Familien mit mittlerem und geringem Einkommen mit bis zu 140 Euro zus\u00e4tzlich unterst\u00fctzt.<\/li>\n<li>Wir beenden die Zweiklassen-Medizin in Gesundheit und Pflege und bauen eine B\u00fcrgerversicherung auf. Gesundheit darf kein Luxusgut sein. Ein solidarisches Deutschland braucht eine solidarische Krankenversicherung.<\/li>\n<li>Und wir stehen f\u00fcr eine Solidarrente von 850 Euro und eine abschlagsfreie Rente ab 63 f\u00fcr die, die 45 Jahre in die Rentenversicherung eingezahlt haben.<\/li>\n<\/ul>\n<p>Die Menschen wollen ein gerechteres Deutschland. Wir freuen uns auf den Wahlkampf. In den kommenden Wochen und Monaten werden wir zeigen, dass die SPD die richtigen Antworten hat. Wir werden die schwarz-gelbe Chaostruppe am 22. September abl\u00f6sen!&#8220;<\/p>\n","protected":false},"excerpt":{"rendered":"<p>Knapp einhundert Tage vor der Wahl hat die SPD auf dem Parteikonvent am Wochenende in Berlin ihren Gegenentwurf zur Politik der schwarz-gelben Bundesregierung unterstrichen. Hierzu erkl\u00e4rt der SPD-Bundestagskandidat f\u00fcr Oberhausen&hellip; <\/p>\n","protected":false},"author":1,"featured_media":0,"comment_status":"closed","ping_status":"closed","sticky":false,"template":"","format":"standard","meta":{"footnotes":""},"categories":[1],"tags":[],"quellen":[],"class_list":["post-1069","post","type-post","status-publish","format-standard","hentry","category-allgemein"],"_links":{"self":[{"href":"https:\/\/meier-gerdingh.de\/wp-spd-ob\/wp-json\/wp\/v2\/posts\/1069","targetHints":{"allow":["GET"]}}],"collection":[{"href":"https:\/\/meier-gerdingh.de\/wp-spd-ob\/wp-json\/wp\/v2\/posts"}],"about":[{"href":"https:\/\/meier-gerdingh.de\/wp-spd-ob\/wp-json\/wp\/v2\/types\/post"}],"author":[{"embeddable":true,"href":"https:\/\/meier-gerdingh.de\/wp-spd-ob\/wp-json\/wp\/v2\/users\/1"}],"replies":[{"embeddable":true,"href":"https:\/\/meier-gerdingh.de\/wp-spd-ob\/wp-json\/wp\/v2\/comments?post=1069"}],"version-history":[{"count":0,"href":"https:\/\/meier-gerdingh.de\/wp-spd-ob\/wp-json\/wp\/v2\/posts\/1069\/revisions"}],"wp:attachment":[{"href":"https:\/\/meier-gerdingh.de\/wp-spd-ob\/wp-json\/wp\/v2\/media?parent=1069"}],"wp:term":[{"taxonomy":"category","embeddable":true,"href":"https:\/\/meier-gerdingh.de\/wp-spd-ob\/wp-json\/wp\/v2\/categories?post=1069"},{"taxonomy":"post_tag","embeddable":true,"href":"https:\/\/meier-gerdingh.de\/wp-spd-ob\/wp-json\/wp\/v2\/tags?post=1069"},{"taxonomy":"quellen","embeddable":true,"href":"https:\/\/meier-gerdingh.de\/wp-spd-ob\/wp-json\/wp\/v2\/quellen?post=1069"}],"curies":[{"name":"wp","href":"https:\/\/api.w.org\/{rel}","templated":true}]}}