{"id":107,"date":"1999-11-10T17:00:00","date_gmt":"1999-11-10T15:00:00","guid":{"rendered":"http:\/\/www.meier-gerdingh.de\/spd-oberhausen\/wp\/?p=107"},"modified":"2017-03-03T21:36:55","modified_gmt":"2017-03-03T20:36:55","slug":"schulreinigung-wird-verbessert","status":"publish","type":"post","link":"https:\/\/meier-gerdingh.de\/wp-spd-ob\/1999\/11\/10\/schulreinigung-wird-verbessert\/","title":{"rendered":"Schulreinigung wird verbessert"},"content":{"rendered":"<div style=\"width: 150px\" class=\"wp-caption alignleft\"><a href=\"http:\/\/meier-gerdingh.de\/wp-spd-ob\/wp-content\/uploads\/zimkeit_99.jpg\"><img decoding=\"async\" class=\"size-full\" src=\"http:\/\/meier-gerdingh.de\/wp-spd-ob\/wp-content\/uploads\/zimkeit_99.jpg\" alt=\"Stefan Zimkeit\" width=\"140\" height=\"180\" \/><\/a><p class=\"wp-caption-text\">Stefan Zimkeit<\/p><\/div>\n<p>&#8222;Unsere Schulen werden sauberer&#8220;, mit diesen Worten kommentiert der schulpolitische Sprecher der SPD-Fraktion, Stefan Zimkeit, das entsprechende Konzept der Verwaltung zur Verbesserung der Reinigungssituation an den Oberhausener Schulen. In der letzten Sitzung des Arbeitskreises Schule der SPD-Fraktion wurde unter dem Stichwort &#8222;Erweiterung der Schulreinigung&#8220; ein umfangreiches Ma\u00dfnahmenpaket vorgestellt.<!--more--><\/p>\n<p>Das allgemeine Bild der Schulen in puncto Sauberkeit soll verbessert und dabei insbesondere gemeinsam mit den Schulhausmeistern\/innen und der WBO eine engere Vernetzung im Interesse der Schulen erreicht werden.<\/p>\n<p>Erweitert wird die Schulreinigung um die Reinigung der sogenannten &#8222;Kuschelecken&#8220; an den Grundschulen. Hierf\u00fcr stellt die Stadt zus\u00e4tzlich 30.000,-\u00a0DM j\u00e4hrlich zur Verf\u00fcgung.<\/p>\n<p>Gew\u00e4hrleistet wird nun auch die t\u00e4gliche Leerung aller Papierk\u00f6rbe an allen Grund- und Sonderschulen. Die Verwaltung einigte sich mit Vertretern des Personalrates dar\u00fcber, dass die Hausmeisterinnen und Hausmeister die t\u00e4gliche Leerung gew\u00e4hrleisten werden.<\/p>\n<p>&#8222;Wir haben damit&#8220;, so Stefan Zimkeit weiter, &#8222;Pfl\u00f6cke gesetzt f\u00fcr eine entscheidende Verbesserung der Sauberkeit an unseren Schulen. Die im Laufe diese Jahres von Eltern und Lehrern angemahnten Ver\u00e4nderungen in diesem Bereich k\u00f6nnen nun in die Tat umgesetzt werden.&#8220;<\/p>\n<p>&#8222;Die SPD-Fraktion wird&#8220;, stellt der stellvertretende Fraktionsvorsitzende Wolfgang Gro\u00dfe Br\u00f6mer abschlie\u00dfend fest, &#8222;diese Verbesserungen kritisch begleiten und die Verwaltung auffordern, nach ca. einem halben Jahr einen Zwischenbericht \u00fcber den Erfolg dieses Ma\u00dfnahmepakets vorzulegen.&#8220;<\/p>\n","protected":false},"excerpt":{"rendered":"<p>&#8222;Unsere Schulen werden sauberer&#8220;, mit diesen Worten kommentiert der schulpolitische Sprecher der SPD-Fraktion, Stefan Zimkeit, das entsprechende Konzept der Verwaltung zur Verbesserung der Reinigungssituation an den Oberhausener Schulen. In der&hellip; <\/p>\n","protected":false},"author":1,"featured_media":0,"comment_status":"closed","ping_status":"closed","sticky":false,"template":"","format":"standard","meta":{"footnotes":""},"categories":[1],"tags":[],"quellen":[],"class_list":["post-107","post","type-post","status-publish","format-standard","hentry","category-allgemein"],"_links":{"self":[{"href":"https:\/\/meier-gerdingh.de\/wp-spd-ob\/wp-json\/wp\/v2\/posts\/107","targetHints":{"allow":["GET"]}}],"collection":[{"href":"https:\/\/meier-gerdingh.de\/wp-spd-ob\/wp-json\/wp\/v2\/posts"}],"about":[{"href":"https:\/\/meier-gerdingh.de\/wp-spd-ob\/wp-json\/wp\/v2\/types\/post"}],"author":[{"embeddable":true,"href":"https:\/\/meier-gerdingh.de\/wp-spd-ob\/wp-json\/wp\/v2\/users\/1"}],"replies":[{"embeddable":true,"href":"https:\/\/meier-gerdingh.de\/wp-spd-ob\/wp-json\/wp\/v2\/comments?post=107"}],"version-history":[{"count":0,"href":"https:\/\/meier-gerdingh.de\/wp-spd-ob\/wp-json\/wp\/v2\/posts\/107\/revisions"}],"wp:attachment":[{"href":"https:\/\/meier-gerdingh.de\/wp-spd-ob\/wp-json\/wp\/v2\/media?parent=107"}],"wp:term":[{"taxonomy":"category","embeddable":true,"href":"https:\/\/meier-gerdingh.de\/wp-spd-ob\/wp-json\/wp\/v2\/categories?post=107"},{"taxonomy":"post_tag","embeddable":true,"href":"https:\/\/meier-gerdingh.de\/wp-spd-ob\/wp-json\/wp\/v2\/tags?post=107"},{"taxonomy":"quellen","embeddable":true,"href":"https:\/\/meier-gerdingh.de\/wp-spd-ob\/wp-json\/wp\/v2\/quellen?post=107"}],"curies":[{"name":"wp","href":"https:\/\/api.w.org\/{rel}","templated":true}]}}