{"id":1072,"date":"2013-06-11T16:00:00","date_gmt":"2013-06-11T14:00:00","guid":{"rendered":"http:\/\/www.meier-gerdingh.de\/spd-oberhausen\/wp\/?p=1072"},"modified":"2017-01-03T17:24:51","modified_gmt":"2017-01-03T16:24:51","slug":"jugendlandtags-abgeordnete-gehen-an-den-start","status":"publish","type":"post","link":"https:\/\/meier-gerdingh.de\/wp-spd-ob\/2013\/06\/11\/jugendlandtags-abgeordnete-gehen-an-den-start\/","title":{"rendered":"Jugendlandtags-Abgeordnete gehen an den Start"},"content":{"rendered":"<p><a href=\"http:\/\/meier-gerdingh.de\/wp-spd-ob\/wp-content\/uploads\/jugendlandtag_2013.jpg\"><img decoding=\"async\" src=\"http:\/\/meier-gerdingh.de\/wp-spd-ob\/wp-content\/uploads\/jugendlandtag_2013.jpg\" alt=\"jugendlandtag_2013\" width=\"200\" height=\"117\" class=\"alignleft size-full wp-image-1454\" \/><\/a>Vom 18.-20. Juli findet in D\u00fcsseldorf der 5. Jugend-Landtag Nordrhein-Westfalen statt. Auf dem Platz des Landtagsabgeordneten Wolfgang Gro\u00dfe Br\u00f6mer wird dann Marcel Winkel aus Oberhausen sitzen. Die Themen, mit denen er sich besch\u00e4ftigt, wurden von den Teilnehmern der vergangenen Jugend-Landtage vorbereitet. Sie lauten in diesem Jahr: &#8222;(Begleitetes) Fahren mit 16&#8220; und &#8222;Keine Fete an Feiertagen&#8220;. Dar\u00fcber hinaus k\u00f6nnen die aus ganz NRW teilnehmenden Jugendlichen selbst Themen in Form einer &#8222;Aktuellen Viertelstunde&#8220; beantragen und debattieren. Daf\u00fcr wird Marcel Winkel an Fraktionstreffen und Ausschusssitzungen teilnehmen, die geladenen Experten anh\u00f6ren und zum Abschluss in der Plenardebatte abstimmen.<!--more--><\/p>\n<p>Das Besondere: Die Beschl\u00fcsse der Jugendlichen werden kurze Zeit sp\u00e4ter in den Aussch\u00fcssen des echten Landtags auf der Tagesordnung stehen. Die beiden Themen erm\u00f6glichen den Teilnehmern intensive Diskussionsm\u00f6glichkeiten und garantieren eine breit angelegte Sacharbeit in den Aussch\u00fcssen. Fachexperten werden die Jugendlichen in \u00f6ffentlichen Anh\u00f6rungen bei der Entscheidungsfindung unterst\u00fctzen.<\/p>\n<p>Entsprechend der Praxis des letzten Jahres werden auch die sozialen Netzwerke durch die Teilnehmer weiter genutzt (<a class=\"normal\" title=\"Zur Facebookseite des Jugendlandtags | Externer Link, \u00f6ffnet neues Fenster oder neuen Tab\" href=\"http:\/\/www.facebook.com\/jugend-landtag\">http:\/\/www.facebook.com\/jugend-landtag<\/a> und twitter-Hashtag: #jltnrw).<\/p>\n<p>H\u00f6hepunkt des diesj\u00e4hrigen Jugend-Landtags wird wieder die Plenarsitzung am Samstag (20. Juli 2013) sein. Diese wird auch per Livestream im Internet \u00fcbertragen und kann von jedermann verfolgt werden. Zuschauer auf der Besuchertrib\u00fcne sind erw\u00fcnscht und herzlich eingeladen.<\/p>\n<p>Medienvertreter sind jederzeit beim Jugend-Landtag willkommen. Anmeldung wird erbeten an den Sachbereich Jugend und Parlament, Dorothea Dietsch, Telefon (0211) 884-2450, E-Mail: <a href=\"mailto:dietsch@landtag.nrw.de\">dietsch@landtag.nrw.de<\/a>.<\/p>\n","protected":false},"excerpt":{"rendered":"<p>Vom 18.-20. Juli findet in D\u00fcsseldorf der 5. Jugend-Landtag Nordrhein-Westfalen statt. Auf dem Platz des Landtagsabgeordneten Wolfgang Gro\u00dfe Br\u00f6mer wird dann Marcel Winkel aus Oberhausen sitzen. Die Themen, mit denen&hellip; <\/p>\n","protected":false},"author":1,"featured_media":0,"comment_status":"closed","ping_status":"closed","sticky":false,"template":"","format":"standard","meta":{"footnotes":""},"categories":[1],"tags":[],"quellen":[],"class_list":["post-1072","post","type-post","status-publish","format-standard","hentry","category-allgemein"],"_links":{"self":[{"href":"https:\/\/meier-gerdingh.de\/wp-spd-ob\/wp-json\/wp\/v2\/posts\/1072","targetHints":{"allow":["GET"]}}],"collection":[{"href":"https:\/\/meier-gerdingh.de\/wp-spd-ob\/wp-json\/wp\/v2\/posts"}],"about":[{"href":"https:\/\/meier-gerdingh.de\/wp-spd-ob\/wp-json\/wp\/v2\/types\/post"}],"author":[{"embeddable":true,"href":"https:\/\/meier-gerdingh.de\/wp-spd-ob\/wp-json\/wp\/v2\/users\/1"}],"replies":[{"embeddable":true,"href":"https:\/\/meier-gerdingh.de\/wp-spd-ob\/wp-json\/wp\/v2\/comments?post=1072"}],"version-history":[{"count":0,"href":"https:\/\/meier-gerdingh.de\/wp-spd-ob\/wp-json\/wp\/v2\/posts\/1072\/revisions"}],"wp:attachment":[{"href":"https:\/\/meier-gerdingh.de\/wp-spd-ob\/wp-json\/wp\/v2\/media?parent=1072"}],"wp:term":[{"taxonomy":"category","embeddable":true,"href":"https:\/\/meier-gerdingh.de\/wp-spd-ob\/wp-json\/wp\/v2\/categories?post=1072"},{"taxonomy":"post_tag","embeddable":true,"href":"https:\/\/meier-gerdingh.de\/wp-spd-ob\/wp-json\/wp\/v2\/tags?post=1072"},{"taxonomy":"quellen","embeddable":true,"href":"https:\/\/meier-gerdingh.de\/wp-spd-ob\/wp-json\/wp\/v2\/quellen?post=1072"}],"curies":[{"name":"wp","href":"https:\/\/api.w.org\/{rel}","templated":true}]}}