{"id":1073,"date":"2013-06-25T16:00:00","date_gmt":"2013-06-25T14:00:00","guid":{"rendered":"http:\/\/www.meier-gerdingh.de\/spd-oberhausen\/wp\/?p=1073"},"modified":"2017-01-03T17:26:42","modified_gmt":"2017-01-03T16:26:42","slug":"spd-und-gruene-legen-grundsaetze-fuer-modellhafte-quartiersentwicklung-in-den-stadtteilen-vor","status":"publish","type":"post","link":"https:\/\/meier-gerdingh.de\/wp-spd-ob\/2013\/06\/25\/spd-und-gruene-legen-grundsaetze-fuer-modellhafte-quartiersentwicklung-in-den-stadtteilen-vor\/","title":{"rendered":"SPD und Gr\u00fcne legen Grunds\u00e4tze f\u00fcr modellhafte Quartiersentwicklung in den Stadtteilen vor"},"content":{"rendered":"<div style=\"width: 150px\" class=\"wp-caption alignleft\"><a href=\"http:\/\/meier-gerdingh.de\/wp-spd-ob\/wp-content\/uploads\/emmerich_karl_heinz_09.jpg\"><img decoding=\"async\" class=\"size-full\" src=\"http:\/\/meier-gerdingh.de\/wp-spd-ob\/wp-content\/uploads\/emmerich_karl_heinz_09.jpg\" alt=\"Karl-Heinz Emmerich ist stellvertretender Fraktionsvorsitzender und planungspolitischer Sprecher der SPD-Fraktion\" width=\"140\" height=\"169\" \/><\/a><p class=\"wp-caption-text\">Karl-Heinz Emmerich ist stellvertretender Fraktionsvorsitzender und planungspolitischer Sprecher der SPD-Fraktion<\/p><\/div>\n<p>SPD und Gr\u00fcne legen f\u00fcr die n\u00e4chste Ratssitzung einen Grundsatzantrag vor, in dem sie ihre \u00dcberlegungen zur weiteren Entwicklung der Stadt Oberhausen darstellen. &#8222;Wir m\u00f6chten k\u00fcnftig modellhaft Projekte der nachhaltigen Stadtteil- und Quartiersentwicklung erarbeiten, die f\u00fcr die Weiterentwicklung von Stadtteilen Impulse f\u00fcr weitere Erneuerungen und Investitionen setzen&#8220;, so die Fraktionssprecherin der Gr\u00fcnen Ratsfraktion, Regina Wittmann. &#8222;Wichtig ist uns hierbei, dass alle Akteure im Quartier sich einbringen und ihre Interessen Ber\u00fccksichtigung finden. Bei den Sozialraumgespr\u00e4chen, aber auch bei den Workshops zur Innenstadt haben wir bereits gute Erfahrungen mit der B\u00fcrgerbeteiligung gemacht.&#8220;<!--more--><\/p>\n<p>Karl-Heinz Emmerich, planungspolitischer Sprecher der SPD-Fraktion, erg\u00e4nzt mit der Nennung konkreter Projekte: &#8222;Der bevorstehende Abbruch der Justizvollzugsanstalt bietet die Chance, neue Akzente f\u00fcr den Br\u00fcckenschlag zwischen Bahnhof und Innenstadt zu setzen. Gleiches gilt auch f\u00fcr das Kultur- und Kreativquartier zwischen Bert-Brecht-Haus, Post und Bahnhof, Theater und Altenberg. Dieses bietet Profilierungsm\u00f6glichkeiten und k\u00f6nnte st\u00e4rker in die Oberhausener Quartiersentwicklung eingebracht werden.&#8220;<\/p>\n<p>Einig sind sich die beiden Fraktionen darin, dass modellhafte Projekte auch f\u00fcr die Stadtbezirke Osterfeld und Sterkrade entwickelt werden m\u00fcssen. &#8222;Oberhausen steht vor gro\u00dfen Herausforderungen.&#8220; &#8222;Angesichts des sich fortsetzenden Strukturwandels, des demografischen Wandels, des Klimawandels und \u00c4nderungen im gesellschaftlichen Miteinander und sozialen Ausgleich ist eine behutsame Stadterneuerung eine zentrale Aufgabe. Wir verstehen Stadt- und Quartiersentwicklung nicht nur als \u00dcberplanung von Fl\u00e4chen und Neubau von Geb\u00e4uden, sondern als einen umfassenden, kreativen Planungsprozess, der die Lebensbed\u00fcrfnisse der Menschen, die in ihrem Quartier leben und arbeiten, einbezieht.&#8220;<\/p>\n<p>Mit dem Stadtentwicklungskonzept 2020 l\u00e4ge bereits ein wichtiger Baustein vor, auf dessen Grundlage eine beispielhafte Stadterneuerung umfassend angegangen werden kann. \u201eAngesichts der kaum vorhandenen finanziellen Handlungsspielr\u00e4ume werden wir als Stadt verst\u00e4rkt darauf setzen, positive Modellvorhaben mit Ausstrahlungskraft umzusetzen. Aufwertungen eines Quartiers werden auch private Investoren und Immobilieneigent\u00fcmer dazu bewegen, an diesem Prozess teilzuhaben, geben sich Regina Wittmann und Karl-Heinz Emmerich \u00fcberzeugt.<\/p>\n<p><b><a class=\"normal\" title=\"Antrag: Lokale Strategie zur Anwendung integrierter Handlungsans\u00e4tze in der Quartiersentwicklung | pdf-Datei, 90 KB, externer Link | \u00d6ffnet neues Fenster oder neuen Tab\" href=\"http:\/\/meier-gerdingh.de\/wp-spd-ob\/pdf\/antrag_spd_gruene_13_07_15_rat_quartiers_entwicklung.pdf\" target=\"_blank\">Download Antrag: &#8222;Lokale Strategie zur Anwendung integrierter Handlungsans\u00e4tze in der Quartiersentwicklung&#8220;<\/a><\/b><\/p>\n","protected":false},"excerpt":{"rendered":"<p>SPD und Gr\u00fcne legen f\u00fcr die n\u00e4chste Ratssitzung einen Grundsatzantrag vor, in dem sie ihre \u00dcberlegungen zur weiteren Entwicklung der Stadt Oberhausen darstellen. &#8222;Wir m\u00f6chten k\u00fcnftig modellhaft Projekte der nachhaltigen&hellip; <\/p>\n","protected":false},"author":1,"featured_media":0,"comment_status":"closed","ping_status":"closed","sticky":false,"template":"","format":"standard","meta":{"footnotes":""},"categories":[1],"tags":[],"quellen":[],"class_list":["post-1073","post","type-post","status-publish","format-standard","hentry","category-allgemein"],"_links":{"self":[{"href":"https:\/\/meier-gerdingh.de\/wp-spd-ob\/wp-json\/wp\/v2\/posts\/1073","targetHints":{"allow":["GET"]}}],"collection":[{"href":"https:\/\/meier-gerdingh.de\/wp-spd-ob\/wp-json\/wp\/v2\/posts"}],"about":[{"href":"https:\/\/meier-gerdingh.de\/wp-spd-ob\/wp-json\/wp\/v2\/types\/post"}],"author":[{"embeddable":true,"href":"https:\/\/meier-gerdingh.de\/wp-spd-ob\/wp-json\/wp\/v2\/users\/1"}],"replies":[{"embeddable":true,"href":"https:\/\/meier-gerdingh.de\/wp-spd-ob\/wp-json\/wp\/v2\/comments?post=1073"}],"version-history":[{"count":0,"href":"https:\/\/meier-gerdingh.de\/wp-spd-ob\/wp-json\/wp\/v2\/posts\/1073\/revisions"}],"wp:attachment":[{"href":"https:\/\/meier-gerdingh.de\/wp-spd-ob\/wp-json\/wp\/v2\/media?parent=1073"}],"wp:term":[{"taxonomy":"category","embeddable":true,"href":"https:\/\/meier-gerdingh.de\/wp-spd-ob\/wp-json\/wp\/v2\/categories?post=1073"},{"taxonomy":"post_tag","embeddable":true,"href":"https:\/\/meier-gerdingh.de\/wp-spd-ob\/wp-json\/wp\/v2\/tags?post=1073"},{"taxonomy":"quellen","embeddable":true,"href":"https:\/\/meier-gerdingh.de\/wp-spd-ob\/wp-json\/wp\/v2\/quellen?post=1073"}],"curies":[{"name":"wp","href":"https:\/\/api.w.org\/{rel}","templated":true}]}}