{"id":1074,"date":"2013-06-26T16:00:00","date_gmt":"2013-06-26T14:00:00","guid":{"rendered":"http:\/\/www.meier-gerdingh.de\/spd-oberhausen\/wp\/?p=1074"},"modified":"2017-01-03T17:26:59","modified_gmt":"2017-01-03T16:26:59","slug":"klausurtagung-richtet-blick-in-die-zukunft","status":"publish","type":"post","link":"https:\/\/meier-gerdingh.de\/wp-spd-ob\/2013\/06\/26\/klausurtagung-richtet-blick-in-die-zukunft\/","title":{"rendered":"Klausurtagung richtet Blick in die Zukunft"},"content":{"rendered":"<div style=\"width: 210px\" class=\"wp-caption alignleft\"><a href=\"http:\/\/meier-gerdingh.de\/wp-spd-ob\/wp-content\/uploads\/juso_klausur_2013.jpg\"><img decoding=\"async\" class=\"size-full\" src=\"http:\/\/meier-gerdingh.de\/wp-spd-ob\/wp-content\/uploads\/juso_klausur_2013.jpg\" alt=\"Richten den Blick nach vorne: Die Oberhausener Jusos\" width=\"200\" height=\"147\" \/><\/a><p class=\"wp-caption-text\">Richten den Blick nach vorne: Die Oberhausener Jusos<\/p><\/div>\n<p>Am vergangenen Wochenende fand die diesj\u00e4hrige Zwei-Tages-Klausur der Jusos Oberhausen im Jugendbildungszentrum in Hattingen statt. Neben der Vorbereitung des Bundestagswahlkampfes, bei dem die Jusos wieder mit vielen Aktionen locken wollen, um so den Wahlsieg am 22. September einzufahren, stand vor allem die Diskussion der hiesigen Strukturen auf der Tagesordnung.<!--more--><\/p>\n<p><b>Strukturen kritisch auf dem Pr\u00fcfstand.<\/b><\/p>\n<p>Nach Betrachtung der Mitglieder- und Altersstrukturen in Partei und Fraktion fiel das Res\u00fcmee selbstkritisch aus: Zwar sind die Jusos Oberhausen die mit Abstand gr\u00f6\u00dfte Jugendorganisation einer Partei in Oberhausen, allerdings sind aktive Jusos in einigen Ortsteilen nicht mehr zu finden. Zu viel B\u00fcndelung in Ortsgebieten, das Fehlen von jungen Ansprechpartnerinnen und Ansprechpartner und einer nachlassenden Bereitschaft zur l\u00e4ngeren politischen Bindung an Parteien sei dies geschuldet. &#8222;Der Anspruch muss aber sein, in der Fl\u00e4che wieder junge Menschen zu haben, die f\u00fcr Kommunalpolitik werben&#8220;, sagte Juso-Vorsitzender Maximilian Janetzki. &#8222;Deshalb werden wir die \u00c4rmel hochkrempeln, um wieder in der Breite junge Menschen als Ansprechpartnerinnen und Ansprechpartner und Mitentscheiderinnen und Mitentscheider in den Ortsvereinen zu etablieren. Dieser Verantwortung werden wir uns stellen und unsere Hilfe f\u00fcr betroffene Ortsvereine anbieten. Mit der erfolgreich durchgef\u00fchrten Kommunalakademie steht man jetzt bereit, um Verantwortung zu \u00fcbernehmen.&#8220;<\/p>\n<p>&#8222;Auch Frauen sind immer noch unterrepr\u00e4sentiert, obwohl wir auf die Quotierung achten und sie auch umsetzen&#8220;, sagt Rebecca Fehrenberg, stellv. Vorsitzende. &#8222;Leider sind wir bei der Beteiligung von Frauen bei den Jusos auch nur Abbild der Partei. Perspektivisch werden wir uns aber an die Arbeit machen, um ein attraktiveres Engagement f\u00fcr junge Frauen anbieten zu k\u00f6nnen. Dies geht wiederum auch nur, wenn die Vorbilder da sind.&#8220; Ferner zeigte man sich erfreut \u00fcber die gute Aufstellung der Arbeitsgemeinschaften in Oberhausen. Die freundschaftliche Bindung zwischen AG60 Plus, der Arbeitsgemeinschaft der Frauen und Jusos muss weiter ausgebaut werden. Als positives Omen wurden die vielen \u00dcberschneidungen der Arbeitsgemeinschaften im laufenden Jahr gedeutet.<\/p>\n<p><b>Innenstadt f\u00fcr Jung und Alt nach vorne denken.<\/b><\/p>\n<p>Bei den bevorstehenden Entscheidungen zum Thema Innenstadtentwicklung fordern die Jusos selbstbewusst Beteiligung ein. &#8222;Wir sind es, die die Schw\u00e4chen, aber auch die Chancen der Innenstadt beschrieben und plakativ Aufmerksamkeit drauf gerichtet haben&#8220;, sagt Juso-Gesch\u00e4ftsf\u00fchrer Jesco Groschek. &#8222;Deshalb m\u00fcssen wir mit unseren Konzepten nun selbstbewusst Partizipationsm\u00f6glichkeiten f\u00fcr junge Leute und die freie k\u00fcnstlerische Szene in Oberhausen einfordern. So kann uns eine lebendige und lebenswerte Mehrgenerationen-Innenstadt gelingen!&#8220;<\/p>\n<p><b>Bundesthemen bunt und lebendig darstellen.<\/b><\/p>\n<p>Auch in diesem Bundestagswahlkampf planen die Jusos Oberhausen wieder viele Aktionen mit kommunalem Bezug. &#8222;Bundespolitik muss den B\u00fcrgerinnen und B\u00fcrgern immer verst\u00e4ndlich, bunt und lebendig vor Augen gef\u00fchrt werden, um darzustellen, was am 22. September auf dem Spiel steht&#8220;, so Florian Wels, stellv. Juso-Vorsitzender. &#8222;Auch das Internet ist f\u00fcr uns kein Neuland, wie wir eindrucksvoll bei der letzten Landtagswahl bewiesen haben. Deshalb planen wir auch wieder einen erstklassigen Online-Wahlkampf.&#8220;<\/p>\n","protected":false},"excerpt":{"rendered":"<p>Am vergangenen Wochenende fand die diesj\u00e4hrige Zwei-Tages-Klausur der Jusos Oberhausen im Jugendbildungszentrum in Hattingen statt. Neben der Vorbereitung des Bundestagswahlkampfes, bei dem die Jusos wieder mit vielen Aktionen locken wollen,&hellip; <\/p>\n","protected":false},"author":1,"featured_media":0,"comment_status":"closed","ping_status":"closed","sticky":false,"template":"","format":"standard","meta":{"footnotes":""},"categories":[1],"tags":[],"quellen":[],"class_list":["post-1074","post","type-post","status-publish","format-standard","hentry","category-allgemein"],"_links":{"self":[{"href":"https:\/\/meier-gerdingh.de\/wp-spd-ob\/wp-json\/wp\/v2\/posts\/1074","targetHints":{"allow":["GET"]}}],"collection":[{"href":"https:\/\/meier-gerdingh.de\/wp-spd-ob\/wp-json\/wp\/v2\/posts"}],"about":[{"href":"https:\/\/meier-gerdingh.de\/wp-spd-ob\/wp-json\/wp\/v2\/types\/post"}],"author":[{"embeddable":true,"href":"https:\/\/meier-gerdingh.de\/wp-spd-ob\/wp-json\/wp\/v2\/users\/1"}],"replies":[{"embeddable":true,"href":"https:\/\/meier-gerdingh.de\/wp-spd-ob\/wp-json\/wp\/v2\/comments?post=1074"}],"version-history":[{"count":0,"href":"https:\/\/meier-gerdingh.de\/wp-spd-ob\/wp-json\/wp\/v2\/posts\/1074\/revisions"}],"wp:attachment":[{"href":"https:\/\/meier-gerdingh.de\/wp-spd-ob\/wp-json\/wp\/v2\/media?parent=1074"}],"wp:term":[{"taxonomy":"category","embeddable":true,"href":"https:\/\/meier-gerdingh.de\/wp-spd-ob\/wp-json\/wp\/v2\/categories?post=1074"},{"taxonomy":"post_tag","embeddable":true,"href":"https:\/\/meier-gerdingh.de\/wp-spd-ob\/wp-json\/wp\/v2\/tags?post=1074"},{"taxonomy":"quellen","embeddable":true,"href":"https:\/\/meier-gerdingh.de\/wp-spd-ob\/wp-json\/wp\/v2\/quellen?post=1074"}],"curies":[{"name":"wp","href":"https:\/\/api.w.org\/{rel}","templated":true}]}}