{"id":10755,"date":"2023-09-25T18:13:27","date_gmt":"2023-09-25T16:13:27","guid":{"rendered":"https:\/\/meier-gerdingh.de\/wp-spd-ob\/?p=10755"},"modified":"2023-09-25T18:14:31","modified_gmt":"2023-09-25T16:14:31","slug":"gedenken-an-die-ns-opfer-in-holten-durch-stolpersteinreinigung","status":"publish","type":"post","link":"https:\/\/meier-gerdingh.de\/wp-spd-ob\/2023\/09\/25\/gedenken-an-die-ns-opfer-in-holten-durch-stolpersteinreinigung\/","title":{"rendered":"Gedenken an die NS-Opfer in Holten durch Stolpersteinreinigung"},"content":{"rendered":"<div id=\"attachment_10748\" style=\"width: 710px\" class=\"wp-caption aligncenter\"><a href=\"https:\/\/meier-gerdingh.de\/wp-spd-ob\/wp-content\/uploads\/2023\/09\/ov-alsfeld-holten-ag-60-stolpersteinreinigung-01-lg.jpg\"><img aria-describedby=\"caption-attachment-10748\" decoding=\"async\" class=\"size-full wp-image-10748\" src=\"https:\/\/meier-gerdingh.de\/wp-spd-ob\/wp-content\/uploads\/2023\/09\/ov-alsfeld-holten-ag-60-stolpersteinreinigung-01.jpg\" alt=\"\" width=\"700\" height=\"303\" srcset=\"https:\/\/meier-gerdingh.de\/wp-spd-ob\/wp-content\/uploads\/2023\/09\/ov-alsfeld-holten-ag-60-stolpersteinreinigung-01.jpg 700w, https:\/\/meier-gerdingh.de\/wp-spd-ob\/wp-content\/uploads\/2023\/09\/ov-alsfeld-holten-ag-60-stolpersteinreinigung-01-300x130.jpg 300w\" sizes=\"(max-width: 700px) 100vw, 700px\" \/><\/a><p id=\"caption-attachment-10748\" class=\"wp-caption-text\">Gruppe der Holtener B\u00fcrgerinnen und B\u00fcrger, die an der Veranstaltung teilgenommen haben (Foto: Werner Haverkamp)<\/p><\/div>\n<p>Nicht vergessen \u2013 das war das Ziel der Stolpersteinreinigung in Holten. Gerade bei dem alarmierenden Anstieg rechtsextremer und menschenfeindlicher Einstellungen, der t\u00e4glich nachzulesen ist, wollten die Organisatoren \u2013 AG 60 plus der SPD Oberhausen in Kooperation mit dem SPD-Ortsverein Alsfeld-Holten \u2013 ein Zeichen setzen. Sind es in Oberhausen insgesamt 234 in Gehwegen eingelassene Stolpersteine, reinigten die Mitb\u00fcrgerinnen und Mitb\u00fcrger aus Holten 12 Steine in ihrer Nachbarschaft.<\/p>\n<p>Diese verweisen alle auf das Schicksal eines Menschen, der von den Nazis verfolgt, deportiert, ermordet oder in den Suizid getrieben wurde. &#8222;Gerade auch an den Geschichten der ehemaligen B\u00fcrgerinnen und B\u00fcrgen aus Holten kann man sehen, wie sehr diese Menschen vor dem Holocaust in der Stadtgesellschaft verankert waren und doch innerhalb von k\u00fcrzester Zeit aus dieser auf brutalste Art und Weise versto\u00dfen wurden. So betrieben die Opfer vor ihrem Tod ortsans\u00e4ssige Gesch\u00e4fte oder waren Mitglied im Chor der Amicitia&#8220;, so Helmut Brodrick, SPD-Stadtverordneter f\u00fcr Holten.<!--more--><\/p>\n<div id=\"attachment_10750\" style=\"width: 710px\" class=\"wp-caption aligncenter\"><a href=\"https:\/\/meier-gerdingh.de\/wp-spd-ob\/wp-content\/uploads\/2023\/09\/ov-alsfeld-holten-ag-60-stolpersteinreinigung-02-lg.jpg\"><img aria-describedby=\"caption-attachment-10750\" decoding=\"async\" class=\"size-full wp-image-10750\" src=\"https:\/\/meier-gerdingh.de\/wp-spd-ob\/wp-content\/uploads\/2023\/09\/ov-alsfeld-holten-ag-60-stolpersteinreinigung-02.jpg\" alt=\"\" width=\"700\" height=\"525\" srcset=\"https:\/\/meier-gerdingh.de\/wp-spd-ob\/wp-content\/uploads\/2023\/09\/ov-alsfeld-holten-ag-60-stolpersteinreinigung-02.jpg 700w, https:\/\/meier-gerdingh.de\/wp-spd-ob\/wp-content\/uploads\/2023\/09\/ov-alsfeld-holten-ag-60-stolpersteinreinigung-02-300x225.jpg 300w\" sizes=\"(max-width: 700px) 100vw, 700px\" \/><\/a><p id=\"caption-attachment-10750\" class=\"wp-caption-text\">Exemplarischer Stolperstein nach der Reinigung in Holten (Foto: Werner Haverkamp)<\/p><\/div>\n<p>Mit der Verlesung seiner Lebensgeschichte erinnerte Janica Schneider, Pastorin der ev. Gemeinde Holten-Sterkrade, an Gerhard Schumacher. Helmut Brodrick las etwas \u00fcber den Leidensweg von Alice, Hannelore, Johanna, Julius, Kurt und Simon Wolf. An den Gedenksteinen von Elisabeth, Meta und Bernhard Rosenbaum f\u00fchrte Lena Kamps-Engel (Vorsitzende SPD Alsfeld-Holten) ihr Schicksal vor Augen. Peter Halbach, ehemaliger ev. Pfarrer in Holten, erz\u00e4hlte die Geschichte von Julie und Hermann Eggener.<\/p>\n<p>&#8222;Seit unserer Jugend bedr\u00fcckt uns das was hier in Deutschland und Europa geschehen ist. Diese Schicksale darf niemand mehr erleiden. Wir m\u00fcssen gemeinsam und fr\u00fchzeitig daf\u00fcr eintreten, dass unsere Kinder und alle folgenden Generationen genauso selbstverst\u00e4ndlich die demokratischen Freiheiten erleben d\u00fcrfen wie wir seit 1949. Wir hoffen, dass wir mit der Stolpersteinreinigung hier in Holten ein weiteres Zeichen setzen f\u00fcr Menschlichkeit und Demokratie&#8220;, so Hans-G\u00fcnter Wrobel, Organisator der Reinigung und Vorsitzender der AG 60plus.<\/p>\n<h3 class=\"spd-ob-crossheading\">Infos zu dem Kunstprojekt &#8222;Stolpersteine&#8220;<\/h3>\n<p>Das Kunstprojekt &#8222;Stolpersteine\u201d von Gunter Demnig ist das gr\u00f6\u00dfte dezentrale Holocaust-Mahnmal der Welt. Demnig und andere, in Oberhausen zum Beispiel auch Sch\u00fclerinnen und Sch\u00fcler des Bertha-von-Suttner-Gymnasiums, verlegen die Stolpersteine versehen mit Namen und Daten der NS-Opfer auf Gehwegen, jeweils vor den letzten Wohnst\u00e4tten.<\/p>\n<p>Mit diesen Steinen setzt der K\u00fcnstler Demnig auf eine private Form des Erinnerns \u2013 abseits der staatlichen Erinnerungskultur in Deutschland. Anlass des Beginns der Verlegungen war der 50. Jahrestag des sogenannten Ausschwitz-Erlasses von Heinrich Himmler, einem der Hauptverantwortlichen f\u00fcr den Holocaust. Alle Infos zu den Stolpersteinen in Oberhausen finden sich hier:<\/p>\n<p><a href=\"https:\/\/gedenkhalle-oberhausen.de\/#stst\">https:\/\/gedenkhalle-oberhausen.de\/#stst<\/a><\/p>\n","protected":false},"excerpt":{"rendered":"<p>Nicht vergessen \u2013 das war das Ziel der Stolpersteinreinigung in Holten. Gerade bei dem alarmierenden Anstieg rechtsextremer und menschenfeindlicher Einstellungen, der t\u00e4glich nachzulesen ist, wollten die Organisatoren \u2013 AG 60&hellip; <\/p>\n","protected":false},"author":1,"featured_media":0,"comment_status":"closed","ping_status":"closed","sticky":false,"template":"","format":"standard","meta":{"footnotes":""},"categories":[2320],"tags":[3790,3791,3789,3788,386,3792,3786,3787],"quellen":[328,336],"class_list":["post-10755","post","type-post","status-publish","format-standard","hentry","category-gedenkkultur","tag-gedenkkultur","tag-gunter-demnig","tag-holocaust-gedenken","tag-holocaust-mahnmal","tag-holten","tag-ns-opfer","tag-stolpersteine","tag-stolpersteinreinigung","quellen-ag-60-plus-oberhausen","quellen-ov-alsfeld-holten"],"_links":{"self":[{"href":"https:\/\/meier-gerdingh.de\/wp-spd-ob\/wp-json\/wp\/v2\/posts\/10755","targetHints":{"allow":["GET"]}}],"collection":[{"href":"https:\/\/meier-gerdingh.de\/wp-spd-ob\/wp-json\/wp\/v2\/posts"}],"about":[{"href":"https:\/\/meier-gerdingh.de\/wp-spd-ob\/wp-json\/wp\/v2\/types\/post"}],"author":[{"embeddable":true,"href":"https:\/\/meier-gerdingh.de\/wp-spd-ob\/wp-json\/wp\/v2\/users\/1"}],"replies":[{"embeddable":true,"href":"https:\/\/meier-gerdingh.de\/wp-spd-ob\/wp-json\/wp\/v2\/comments?post=10755"}],"version-history":[{"count":0,"href":"https:\/\/meier-gerdingh.de\/wp-spd-ob\/wp-json\/wp\/v2\/posts\/10755\/revisions"}],"wp:attachment":[{"href":"https:\/\/meier-gerdingh.de\/wp-spd-ob\/wp-json\/wp\/v2\/media?parent=10755"}],"wp:term":[{"taxonomy":"category","embeddable":true,"href":"https:\/\/meier-gerdingh.de\/wp-spd-ob\/wp-json\/wp\/v2\/categories?post=10755"},{"taxonomy":"post_tag","embeddable":true,"href":"https:\/\/meier-gerdingh.de\/wp-spd-ob\/wp-json\/wp\/v2\/tags?post=10755"},{"taxonomy":"quellen","embeddable":true,"href":"https:\/\/meier-gerdingh.de\/wp-spd-ob\/wp-json\/wp\/v2\/quellen?post=10755"}],"curies":[{"name":"wp","href":"https:\/\/api.w.org\/{rel}","templated":true}]}}