{"id":1076,"date":"2013-06-28T16:00:00","date_gmt":"2013-06-28T14:00:00","guid":{"rendered":"http:\/\/www.meier-gerdingh.de\/spd-oberhausen\/wp\/?p=1076"},"modified":"2017-01-03T17:27:14","modified_gmt":"2017-01-03T16:27:14","slug":"union-und-fdp-entscheiden-gegen-korruptionsbekaempfung","status":"publish","type":"post","link":"https:\/\/meier-gerdingh.de\/wp-spd-ob\/2013\/06\/28\/union-und-fdp-entscheiden-gegen-korruptionsbekaempfung\/","title":{"rendered":"Union und FDP entscheiden gegen Korruptionsbek\u00e4mpfung"},"content":{"rendered":"<div style=\"width: 150px\" class=\"wp-caption alignleft\"><a href=\"http:\/\/meier-gerdingh.de\/wp-spd-ob\/wp-content\/uploads\/voepel_dirk_12.jpg\"><img decoding=\"async\" class=\"size-full\" src=\"http:\/\/meier-gerdingh.de\/wp-spd-ob\/wp-content\/uploads\/voepel_dirk_12.jpg\" alt=\"Dirk V\u00f6pel ist Bundestagskandidat der SPD f\u00fcr den Wahlkreis Oberhausen und Dinslaken\" width=\"140\" height=\"180\" \/><\/a><p class=\"wp-caption-text\">Dirk V\u00f6pel ist Bundestagskandidat der SPD f\u00fcr den Wahlkreis Oberhausen und Dinslaken<\/p><\/div>\n<p>SPD-Bundestagskandidat Dirk V\u00f6pel bezeichnet das Votum von Schwarz-Gelb gegen die Strafbarkeit der Abgeordnetenbestechung als eine &#8222;besch\u00e4mende Entscheidung&#8220;. Union und FDP hatten im Bundestag in namentlicher Abstimmung die Umsetzung der UN-Konvention zur Korruptionsbek\u00e4mpfung abgelehnt. &#8222;167 L\u00e4nder haben der Konvention zugestimmt, der Sudan, Syrien und Deutschland nicht&#8220;, \u00e4rgert sich der SPD-Bundestagskandidat f\u00fcr den Wahlkreis Oberhausen und Dinslaken. V\u00f6pel bittet die CDU und die FDP in Oberhausen, Stellung zu beziehen: &#8222;Warum haben die schwarz-gelben Abgeordneten aus<br \/>\nunserer Region den Gesetzentwurf abgelehnt?&#8220;<!--more--><\/p>\n<p>Die Landtagsmitglieder Wolfgang Gro\u00dfe Br\u00f6mer und Stefan Zimkeit kritisieren die Bundestagsentscheidung scharf. &#8222;Damit bleibt die Bestechung von Abgeordneten quasi legal&#8220;, stellt Zimkeit fest. &#8222;Damit schaden Union und FDP dem Vertrauen in die Demokratie und die Parlamente.&#8220; Gro\u00dfe Br\u00f6mer weist darauf hin, dass die rot-gr\u00fcne Landtagskoalition einen eigenen Gesetzentwurf in den Bundesrat eingebracht hatte. &#8222;Leider ist diese Initiative jetzt an der Bundestagsmehrheit gescheitert&#8220;, beklagt der SPD-Abgeordnete. Die Nicht-Umsetzung der UN-Konvention schade dem Ansehen Deutschlands in der Welt.<\/p>\n","protected":false},"excerpt":{"rendered":"<p>SPD-Bundestagskandidat Dirk V\u00f6pel bezeichnet das Votum von Schwarz-Gelb gegen die Strafbarkeit der Abgeordnetenbestechung als eine &#8222;besch\u00e4mende Entscheidung&#8220;. Union und FDP hatten im Bundestag in namentlicher Abstimmung die Umsetzung der UN-Konvention&hellip; <\/p>\n","protected":false},"author":1,"featured_media":0,"comment_status":"closed","ping_status":"closed","sticky":false,"template":"","format":"standard","meta":{"footnotes":""},"categories":[1],"tags":[],"quellen":[],"class_list":["post-1076","post","type-post","status-publish","format-standard","hentry","category-allgemein"],"_links":{"self":[{"href":"https:\/\/meier-gerdingh.de\/wp-spd-ob\/wp-json\/wp\/v2\/posts\/1076","targetHints":{"allow":["GET"]}}],"collection":[{"href":"https:\/\/meier-gerdingh.de\/wp-spd-ob\/wp-json\/wp\/v2\/posts"}],"about":[{"href":"https:\/\/meier-gerdingh.de\/wp-spd-ob\/wp-json\/wp\/v2\/types\/post"}],"author":[{"embeddable":true,"href":"https:\/\/meier-gerdingh.de\/wp-spd-ob\/wp-json\/wp\/v2\/users\/1"}],"replies":[{"embeddable":true,"href":"https:\/\/meier-gerdingh.de\/wp-spd-ob\/wp-json\/wp\/v2\/comments?post=1076"}],"version-history":[{"count":0,"href":"https:\/\/meier-gerdingh.de\/wp-spd-ob\/wp-json\/wp\/v2\/posts\/1076\/revisions"}],"wp:attachment":[{"href":"https:\/\/meier-gerdingh.de\/wp-spd-ob\/wp-json\/wp\/v2\/media?parent=1076"}],"wp:term":[{"taxonomy":"category","embeddable":true,"href":"https:\/\/meier-gerdingh.de\/wp-spd-ob\/wp-json\/wp\/v2\/categories?post=1076"},{"taxonomy":"post_tag","embeddable":true,"href":"https:\/\/meier-gerdingh.de\/wp-spd-ob\/wp-json\/wp\/v2\/tags?post=1076"},{"taxonomy":"quellen","embeddable":true,"href":"https:\/\/meier-gerdingh.de\/wp-spd-ob\/wp-json\/wp\/v2\/quellen?post=1076"}],"curies":[{"name":"wp","href":"https:\/\/api.w.org\/{rel}","templated":true}]}}