{"id":10760,"date":"2023-09-25T20:25:09","date_gmt":"2023-09-25T18:25:09","guid":{"rendered":"https:\/\/meier-gerdingh.de\/wp-spd-ob\/?p=10760"},"modified":"2023-09-25T20:56:48","modified_gmt":"2023-09-25T18:56:48","slug":"so-geht-das-nicht-alstadener-spd-veraergert","status":"publish","type":"post","link":"https:\/\/meier-gerdingh.de\/wp-spd-ob\/2023\/09\/25\/so-geht-das-nicht-alstadener-spd-veraergert\/","title":{"rendered":"&#8222;So geht das nicht!&#8220; \u2013 Alstadener SPD ver\u00e4rgert"},"content":{"rendered":"<div id=\"attachment_10758\" style=\"width: 250px\" class=\"wp-caption alignleft\"><a href=\"https:\/\/meier-gerdingh.de\/wp-spd-ob\/wp-content\/uploads\/2023\/09\/ov-west-23-09-25-pastorensteig-lg.jpg\"><img aria-describedby=\"caption-attachment-10758\" decoding=\"async\" class=\"size-full wp-image-10758\" src=\"https:\/\/meier-gerdingh.de\/wp-spd-ob\/wp-content\/uploads\/2023\/09\/ov-west-23-09-25-pastorensteig.jpg\" alt=\"\" width=\"240\" height=\"502\" srcset=\"https:\/\/meier-gerdingh.de\/wp-spd-ob\/wp-content\/uploads\/2023\/09\/ov-west-23-09-25-pastorensteig.jpg 240w, https:\/\/meier-gerdingh.de\/wp-spd-ob\/wp-content\/uploads\/2023\/09\/ov-west-23-09-25-pastorensteig-143x300.jpg 143w\" sizes=\"(max-width: 240px) 100vw, 240px\" \/><\/a><p id=\"caption-attachment-10758\" class=\"wp-caption-text\">Aktuelle Aufnahme vom Ausgang des Pastorensteigs<\/p><\/div>\n<p>Die Sanierung der Bahnstrecke inklusive Br\u00fcckenneubau verursacht f\u00fcr die Alstadenerinnen und Alstadener aktuell l\u00e4ngere Umwege. Die Alstadener SPD zeigt sich derweil ver\u00e4rgert. Weil Probleme schon fr\u00fch erkannt, entsprechende Beschl\u00fcsse der Bezirksvertretung jedoch schlicht nicht umgesetzt wurden.<\/p>\n<p>Im September 2022 forderte die Bezirksvertretung Alt-Oberhausen die Verwaltung nach einem <a href=\"https:\/\/meier-gerdingh.de\/wp-spd-ob\/fraktion\/antraege\/reinigung-unterhaltung-auf-den-zugangswegen-dem-einmuendungsbereich-ohrenfeld-und-dem-brueckenbauwerk-pastorensteig\/\">Antrag der SPD-Fraktion<\/a> auf, die Zust\u00e4ndigkeit f\u00fcr Reinigung und Beseitigung von M\u00e4ngeln am Pastorensteig zu pr\u00fcfen. Im Mai 2023 musste die Bezirksvertretung an diesen <a href=\"https:\/\/meier-gerdingh.de\/wp-spd-ob\/fraktion\/antraege\/sachstand-pruefung-der-zustaendigkeit-fuer-die-reinigung-unterhaltung-im-bereich-ohrenfeld-und-auf-dem-brueckenbauwerk-pastorensteig\/\">Beschluss erinnern<\/a>. Passiert ist vor Ort seither nichts, was umso unverst\u00e4ndlicher ist, als dass die neu eingerichtete Umleitung f\u00fcr Fu\u00dfg\u00e4nger und Radfahrer im Rahmen der Sperrung der Kewerstra\u00dfe unmittelbar am westlichen Zugang zum Pastorensteig endet. Doch dieser ist ann\u00e4hernd unpassierbar, da er weitgehend zugewachsen ist.<!--more--><\/p>\n<p>&#8222;So geht das nicht!&#8220;, zeigt sich der stellvertretende Bezirksb\u00fcrgermeister Ralf Bohnes erz\u00fcrnt. &#8222;Wir sprechen gerade viel davon, dass Menschen das Vertrauen in Politik und Verwaltung verlieren. Als SPD-Fraktion in der Bezirksvertretung sind wir an einer guten Zusammenarbeit mit der Verwaltung interessiert. Wenn wir aber die Probleme in den Stadtteilen aufgreifen, entsprechende Beschl\u00fcsse auf den Weg bringen und dann \u00fcber ein Jahr ganz einfach nichts passiert, dann gehen mir im Dialog mit den B\u00fcrgerinnen und B\u00fcrgern die Argumente aus.&#8220;<\/p>\n<p>Ebenso wurde bereits im Mai 2023 auf <a href=\"https:\/\/meier-gerdingh.de\/wp-spd-ob\/fraktion\/antraege\/parkregelung-hiberniastrasse-zwischen-ohrenfeld-und-kewerstrasse\/\">Vorschlag der SPD<\/a> und gegen die Stimmen von Gr\u00fcnen und Linken beschlossen, die Parksituation in der benachbarten Hiberniastra\u00dfe neu zu regeln und das Parken auf dem hier sehr breiten B\u00fcrgersteig zu gestatten. Auch hier ist, zum Leidwesen der Anwohnerinnen und Anwohner, seither nichts passiert, obwohl eine entsprechende Neuregelung mit sehr wenig Aufwand verbunden w\u00e4re.<\/p>\n<div id=\"attachment_10756\" style=\"width: 710px\" class=\"wp-caption aligncenter\"><a href=\"https:\/\/meier-gerdingh.de\/wp-spd-ob\/wp-content\/uploads\/2023\/09\/ov-west-23-09-25-hiberniastrasse-lg.jpg\"><img aria-describedby=\"caption-attachment-10756\" decoding=\"async\" class=\"size-full wp-image-10756\" src=\"https:\/\/meier-gerdingh.de\/wp-spd-ob\/wp-content\/uploads\/2023\/09\/ov-west-23-09-25-hiberniastrasse.jpg\" alt=\"\" width=\"700\" height=\"497\" srcset=\"https:\/\/meier-gerdingh.de\/wp-spd-ob\/wp-content\/uploads\/2023\/09\/ov-west-23-09-25-hiberniastrasse.jpg 700w, https:\/\/meier-gerdingh.de\/wp-spd-ob\/wp-content\/uploads\/2023\/09\/ov-west-23-09-25-hiberniastrasse-300x213.jpg 300w\" sizes=\"(max-width: 700px) 100vw, 700px\" \/><\/a><p id=\"caption-attachment-10756\" class=\"wp-caption-text\">Aktuelle Aufnahme von der Hiberniastra\u00dfe, die in den n\u00e4chsten Wochen den Umleitungsverkehr von der Kewerstra\u00dfe aufnehmen muss<\/p><\/div>\n<p>&#8222;Gerade mit Blick auf den jetzt verst\u00e4rkt auftretenden Umleitungsverkehr muss hier unverz\u00fcglich Abhilfe geschaffen werden,&#8220; sagt Ralf Bohnes. &#8222;Wir werden ganz sicher nicht noch ein weiteres Jahr warten!&#8220;<\/p>\n","protected":false},"excerpt":{"rendered":"<p>Die Sanierung der Bahnstrecke inklusive Br\u00fcckenneubau verursacht f\u00fcr die Alstadenerinnen und Alstadener aktuell l\u00e4ngere Umwege. Die Alstadener SPD zeigt sich derweil ver\u00e4rgert. Weil Probleme schon fr\u00fch erkannt, entsprechende Beschl\u00fcsse der&hellip; <\/p>\n","protected":false},"author":1,"featured_media":0,"comment_status":"closed","ping_status":"closed","sticky":false,"template":"","format":"standard","meta":{"footnotes":""},"categories":[3070,167,896],"tags":[134,144,3793,3795,92,3617],"quellen":[335],"class_list":["post-10760","post","type-post","status-publish","format-standard","hentry","category-mobilitaet","category-stadtteile","category-stadtverwaltung","tag-alstaden","tag-bezirksvertretung-alt-oberhausen","tag-brueckenneubau-kewerstrasse","tag-hiberniastrasse","tag-parken","tag-pastorensteig","quellen-ov-west"],"_links":{"self":[{"href":"https:\/\/meier-gerdingh.de\/wp-spd-ob\/wp-json\/wp\/v2\/posts\/10760","targetHints":{"allow":["GET"]}}],"collection":[{"href":"https:\/\/meier-gerdingh.de\/wp-spd-ob\/wp-json\/wp\/v2\/posts"}],"about":[{"href":"https:\/\/meier-gerdingh.de\/wp-spd-ob\/wp-json\/wp\/v2\/types\/post"}],"author":[{"embeddable":true,"href":"https:\/\/meier-gerdingh.de\/wp-spd-ob\/wp-json\/wp\/v2\/users\/1"}],"replies":[{"embeddable":true,"href":"https:\/\/meier-gerdingh.de\/wp-spd-ob\/wp-json\/wp\/v2\/comments?post=10760"}],"version-history":[{"count":0,"href":"https:\/\/meier-gerdingh.de\/wp-spd-ob\/wp-json\/wp\/v2\/posts\/10760\/revisions"}],"wp:attachment":[{"href":"https:\/\/meier-gerdingh.de\/wp-spd-ob\/wp-json\/wp\/v2\/media?parent=10760"}],"wp:term":[{"taxonomy":"category","embeddable":true,"href":"https:\/\/meier-gerdingh.de\/wp-spd-ob\/wp-json\/wp\/v2\/categories?post=10760"},{"taxonomy":"post_tag","embeddable":true,"href":"https:\/\/meier-gerdingh.de\/wp-spd-ob\/wp-json\/wp\/v2\/tags?post=10760"},{"taxonomy":"quellen","embeddable":true,"href":"https:\/\/meier-gerdingh.de\/wp-spd-ob\/wp-json\/wp\/v2\/quellen?post=10760"}],"curies":[{"name":"wp","href":"https:\/\/api.w.org\/{rel}","templated":true}]}}