{"id":10766,"date":"2023-09-26T17:59:18","date_gmt":"2023-09-26T15:59:18","guid":{"rendered":"https:\/\/meier-gerdingh.de\/wp-spd-ob\/?p=10766"},"modified":"2023-09-26T19:01:17","modified_gmt":"2023-09-26T17:01:17","slug":"sterkrader-sportverein-besucht-den-landtag","status":"publish","type":"post","link":"https:\/\/meier-gerdingh.de\/wp-spd-ob\/2023\/09\/26\/sterkrader-sportverein-besucht-den-landtag\/","title":{"rendered":"Sterkrader Sportverein besucht den Landtag"},"content":{"rendered":"<div id=\"attachment_10764\" style=\"width: 710px\" class=\"wp-caption aligncenter\"><a href=\"https:\/\/meier-gerdingh.de\/wp-spd-ob\/wp-content\/uploads\/2023\/09\/mdl-stefan-zimkeit-besuch-sterkrader-sportverein-lg.jpg\"><img aria-describedby=\"caption-attachment-10764\" decoding=\"async\" class=\"size-full wp-image-10764\" src=\"https:\/\/meier-gerdingh.de\/wp-spd-ob\/wp-content\/uploads\/2023\/09\/mdl-stefan-zimkeit-besuch-sterkrader-sportverein.jpg\" alt=\"\" width=\"700\" height=\"303\" srcset=\"https:\/\/meier-gerdingh.de\/wp-spd-ob\/wp-content\/uploads\/2023\/09\/mdl-stefan-zimkeit-besuch-sterkrader-sportverein.jpg 700w, https:\/\/meier-gerdingh.de\/wp-spd-ob\/wp-content\/uploads\/2023\/09\/mdl-stefan-zimkeit-besuch-sterkrader-sportverein-300x130.jpg 300w\" sizes=\"(max-width: 700px) 100vw, 700px\" \/><\/a><p id=\"caption-attachment-10764\" class=\"wp-caption-text\">MdL Stefan Zimkeit mit der Besuchergruppe des Sterkrader Sportvereins RSV Adler 1914 (Quelle: B\u00fcro Zimkeit)<\/p><\/div>\n<p>Fragen nach der finanziellen Situation der Stadt Oberhausen standen im Mittelpunkt des Gespr\u00e4chs, zu dem sich eine Gruppe des RSV Adler 1914 mit dem Landtagsabgeordneten Stefan Zimkeit traf. &#8222;Leider steigen die Mittel, die die NRW-Landesregierung den St\u00e4dten zur Verf\u00fcgung stellt, im n\u00e4chsten Jahr nur minimal an&#8220;, sagte Zimkeit. &#8222;Angesichts der erheblichen Preissteigerungen, unter denen auch die Kommunen leiden, ist das eine schlechte Nachricht&#8220;, kritisierte er die Haushaltsplanung der schwarz-gr\u00fcnen Koalition.<\/p>\n<p>Die zweite schlechte Nachricht sei, dass der NRW-Haushaltsentwurf keinerlei Mittel f\u00fcr eine L\u00f6sung der Altschuldenproblematik enth\u00e4lt. &#8222;Nachdem der erst Vorschlag zur\u00fcckgezogen wurde, will die Landesregierung nun erst einmal abwarten. Das ist in Zeiten steigender Zinsen fahrl\u00e4ssig&#8220;, fordert Stefan Zimkeit einen umgehenden Vorschlag zur Entschuldung der St\u00e4dte. &#8222;Ansonsten k\u00f6nnen Oberhausen und andere St\u00e4dte dringend notwendige Zukunftsinvestitionen etwa in Bildung nicht mehr t\u00e4tigen.&#8220;<!--more--><\/p>\n<p>Bei der Anregung der G\u00e4ste aus Oberhausen, bei Verwaltungsvorg\u00e4ngen Geld einzusparen, sieht er Potenzial, auch eine engere Zusammenarbeit mit Nachbarst\u00e4dten sei in einzelnen Bereichen m\u00f6glich. &#8222;Die B\u00fcrgern\u00e4he darf aber nicht verloren gehen.&#8220;<\/p>\n<p>Den ge\u00e4u\u00dferten Bef\u00fcrchtungen, dass weitere Privatisierungen die staatliche Handlungsf\u00e4higkeit schw\u00e4chen, stimmte Zimkeit ausdr\u00fccklich zu. Stattdessen forderte er verst\u00e4rktes staatliches Handeln insbesondere im Wohnungsbau. &#8222;Wir brauchen eine landeseigene Wohnungsbaugesellschaft, um zus\u00e4tzliche bezahlbare Wohnungen zu bauen.&#8220;<\/p>\n<p>Die Gruppe vom RSV Adler 1914 konnte bei ihrem Besuch im Landtag die Plenardebatte von der Besuchertrib\u00fcne aus verfolgen. Ein wichtiges Thema in der Sitzung war die Schulpolitik. &#8222;Nirgendwo in Deutschland sind die Klassen so voll wie in NRW&#8220;, beschrieb Zimkeit die Situation. &#8222;Insbesondere die CDU scheint darin aber kein Problem zu sehen.&#8220;<\/p>\n<p>Stefan Zimkeit bef\u00fcrchtet, dass die Landesregierung den Rechtsanspruch auf den offenen Ganztag in Frage stellt. &#8222;Ich bin davon \u00fcberzeugt, dass der Ganztag an den Grundschulen umgesetzt werden kann, wenn man es entschlossen anpackt. Das ist wichtig f\u00fcr den Bildungserfolg der Kinder und f\u00fcr die berufst\u00e4tigen Eltern, die auf eine verl\u00e4ssliche Betreuung angewiesen sind&#8220;, so Zimkeit.<\/p>\n","protected":false},"excerpt":{"rendered":"<p>Fragen nach der finanziellen Situation der Stadt Oberhausen standen im Mittelpunkt des Gespr\u00e4chs, zu dem sich eine Gruppe des RSV Adler 1914 mit dem Landtagsabgeordneten Stefan Zimkeit traf. &#8222;Leider steigen&hellip; <\/p>\n","protected":false},"author":1,"featured_media":0,"comment_status":"closed","ping_status":"closed","sticky":false,"template":"","format":"standard","meta":{"footnotes":""},"categories":[216],"tags":[3101,3272,3064,565,660,2553,3798,3797,46,108,1027],"quellen":[331],"class_list":["post-10766","post","type-post","status-publish","format-standard","hentry","category-land","tag-altschuldenproblem","tag-inflation","tag-kommunale-altschulden","tag-landeshaushalt","tag-landtagsbesuch","tag-offener-ganztag","tag-preissteigerungen","tag-rsv-adler-1914","tag-sterkrade","tag-wohnungsbau","tag-zukunftsinvestitionen","quellen-mdl-stefan-zimkeit"],"_links":{"self":[{"href":"https:\/\/meier-gerdingh.de\/wp-spd-ob\/wp-json\/wp\/v2\/posts\/10766","targetHints":{"allow":["GET"]}}],"collection":[{"href":"https:\/\/meier-gerdingh.de\/wp-spd-ob\/wp-json\/wp\/v2\/posts"}],"about":[{"href":"https:\/\/meier-gerdingh.de\/wp-spd-ob\/wp-json\/wp\/v2\/types\/post"}],"author":[{"embeddable":true,"href":"https:\/\/meier-gerdingh.de\/wp-spd-ob\/wp-json\/wp\/v2\/users\/1"}],"replies":[{"embeddable":true,"href":"https:\/\/meier-gerdingh.de\/wp-spd-ob\/wp-json\/wp\/v2\/comments?post=10766"}],"version-history":[{"count":0,"href":"https:\/\/meier-gerdingh.de\/wp-spd-ob\/wp-json\/wp\/v2\/posts\/10766\/revisions"}],"wp:attachment":[{"href":"https:\/\/meier-gerdingh.de\/wp-spd-ob\/wp-json\/wp\/v2\/media?parent=10766"}],"wp:term":[{"taxonomy":"category","embeddable":true,"href":"https:\/\/meier-gerdingh.de\/wp-spd-ob\/wp-json\/wp\/v2\/categories?post=10766"},{"taxonomy":"post_tag","embeddable":true,"href":"https:\/\/meier-gerdingh.de\/wp-spd-ob\/wp-json\/wp\/v2\/tags?post=10766"},{"taxonomy":"quellen","embeddable":true,"href":"https:\/\/meier-gerdingh.de\/wp-spd-ob\/wp-json\/wp\/v2\/quellen?post=10766"}],"curies":[{"name":"wp","href":"https:\/\/api.w.org\/{rel}","templated":true}]}}