{"id":10768,"date":"2023-10-18T17:10:12","date_gmt":"2023-10-18T15:10:12","guid":{"rendered":"https:\/\/meier-gerdingh.de\/wp-spd-ob\/?p=10768"},"modified":"2023-10-20T18:34:22","modified_gmt":"2023-10-20T16:34:22","slug":"spd-will-ueber-mobilitaetsstrategie-von-morgen-diskutieren","status":"publish","type":"post","link":"https:\/\/meier-gerdingh.de\/wp-spd-ob\/2023\/10\/18\/spd-will-ueber-mobilitaetsstrategie-von-morgen-diskutieren\/","title":{"rendered":"SPD will \u00fcber Mobilit\u00e4tsstrategie von morgen diskutieren"},"content":{"rendered":"<p><a href=\"https:\/\/meier-gerdingh.de\/wp-spd-ob\/wp-content\/uploads\/2023\/02\/spd-ob-25-banner-themenwerkstaetten-01.png\"><img decoding=\"async\" class=\"aligncenter size-full wp-image-10073\" src=\"https:\/\/meier-gerdingh.de\/wp-spd-ob\/wp-content\/uploads\/2023\/02\/spd-ob-25-banner-themenwerkstaetten-01.png\" alt=\"\" width=\"700\" height=\"200\" srcset=\"https:\/\/meier-gerdingh.de\/wp-spd-ob\/wp-content\/uploads\/2023\/02\/spd-ob-25-banner-themenwerkstaetten-01.png 700w, https:\/\/meier-gerdingh.de\/wp-spd-ob\/wp-content\/uploads\/2023\/02\/spd-ob-25-banner-themenwerkstaetten-01-300x86.png 300w\" sizes=\"(max-width: 700px) 100vw, 700px\" \/><\/a>Zu ihrer n\u00e4chsten Sitzung wird die Themen-Werkstatt &#8222;Stadtentwicklung, Klimaschutz, Mobilit\u00e4t und Digitalisierung&#8220; der Oberhausener SPD am <strong>Dienstag, 24. Oktober, um 19 Uhr im Supermarkt der Ideen, Goebenstra\u00dfe 83<\/strong>, zusammenkommen. Interessierte B\u00fcrgerinnen und B\u00fcrger, die keine SPD-Mitglieder sind, sind ausdr\u00fccklich herzlich willkommen.<\/p>\n<p>An diesem Abend wird der planungspolitische Sprecher der SPD-Ratsfraktion und Sterkrader Bezirksb\u00fcrgermeister, Ulrich Real, in einem Impulsvortrag \u00fcber die Grundz\u00fcge der neuen st\u00e4dtischen Mobilit\u00e4tsstrategie informieren. Im Anschluss besteht die Gelegenheit zur gemeinsamen Diskussion.<!--more--><\/p>\n<p>Im Juni hatte der Rat der Stadt der Mobilit\u00e4tsstrategie &#8222;mobilhausen \u2013 mehr erfahren&#8220; als Arbeitsgrundlage f\u00fcr die Verwaltung zugestimmt. Die Umsetzung und Ausgestaltung dieser Strategie soll mittel- und langfristig bis 2040 erfolgen und er\u00f6ffnet somit auch gro\u00dfe, politische Gestaltungsspielr\u00e4ume.<\/p>\n<p>F\u00fcr die entsprechende Fachexpertise werden an diesem Abend Lina Sommer und \/ oder Boris Dresen vom Fraunhofer-Institut &#8222;Umsicht&#8220; sorgen.<\/p>\n","protected":false},"excerpt":{"rendered":"<p>Zu ihrer n\u00e4chsten Sitzung wird die Themen-Werkstatt &#8222;Stadtentwicklung, Klimaschutz, Mobilit\u00e4t und Digitalisierung&#8220; der Oberhausener SPD am Dienstag, 24. Oktober, um 19 Uhr im Supermarkt der Ideen, Goebenstra\u00dfe 83, zusammenkommen. Interessierte&hellip; <\/p>\n","protected":false},"author":1,"featured_media":0,"comment_status":"closed","ping_status":"closed","sticky":false,"template":"","format":"standard","meta":{"footnotes":""},"categories":[3070],"tags":[486,3800,3801],"quellen":[3490],"class_list":["post-10768","post","type-post","status-publish","format-standard","hentry","category-mobilitaet","tag-fraunhofer-institut-umsicht","tag-mobilitaetsstrategie","tag-supermarkt-der-ideen","quellen-tw-1-stadtentwicklung"],"_links":{"self":[{"href":"https:\/\/meier-gerdingh.de\/wp-spd-ob\/wp-json\/wp\/v2\/posts\/10768","targetHints":{"allow":["GET"]}}],"collection":[{"href":"https:\/\/meier-gerdingh.de\/wp-spd-ob\/wp-json\/wp\/v2\/posts"}],"about":[{"href":"https:\/\/meier-gerdingh.de\/wp-spd-ob\/wp-json\/wp\/v2\/types\/post"}],"author":[{"embeddable":true,"href":"https:\/\/meier-gerdingh.de\/wp-spd-ob\/wp-json\/wp\/v2\/users\/1"}],"replies":[{"embeddable":true,"href":"https:\/\/meier-gerdingh.de\/wp-spd-ob\/wp-json\/wp\/v2\/comments?post=10768"}],"version-history":[{"count":0,"href":"https:\/\/meier-gerdingh.de\/wp-spd-ob\/wp-json\/wp\/v2\/posts\/10768\/revisions"}],"wp:attachment":[{"href":"https:\/\/meier-gerdingh.de\/wp-spd-ob\/wp-json\/wp\/v2\/media?parent=10768"}],"wp:term":[{"taxonomy":"category","embeddable":true,"href":"https:\/\/meier-gerdingh.de\/wp-spd-ob\/wp-json\/wp\/v2\/categories?post=10768"},{"taxonomy":"post_tag","embeddable":true,"href":"https:\/\/meier-gerdingh.de\/wp-spd-ob\/wp-json\/wp\/v2\/tags?post=10768"},{"taxonomy":"quellen","embeddable":true,"href":"https:\/\/meier-gerdingh.de\/wp-spd-ob\/wp-json\/wp\/v2\/quellen?post=10768"}],"curies":[{"name":"wp","href":"https:\/\/api.w.org\/{rel}","templated":true}]}}