{"id":1077,"date":"2013-07-01T16:00:00","date_gmt":"2013-07-01T14:00:00","guid":{"rendered":"http:\/\/www.meier-gerdingh.de\/spd-oberhausen\/wp\/?p=1077"},"modified":"2017-01-03T17:38:04","modified_gmt":"2017-01-03T16:38:04","slug":"zwei-tage-der-offenen-tuer-landtagsgebaeude-am-rhein-feiert-25-geburtstag","status":"publish","type":"post","link":"https:\/\/meier-gerdingh.de\/wp-spd-ob\/2013\/07\/01\/zwei-tage-der-offenen-tuer-landtagsgebaeude-am-rhein-feiert-25-geburtstag\/","title":{"rendered":"Zwei Tage der offenen T\u00fcr <br>&#8211; Landtagsgeb\u00e4ude am Rhein feiert 25.&nbsp;Geburtstag"},"content":{"rendered":"<div style=\"width: 150px\" class=\"wp-caption alignleft\"><a href=\"http:\/\/meier-gerdingh.de\/wp-spd-ob\/wp-content\/uploads\/landtagganz1.jpg\"><img decoding=\"async\" class=\"size-full\" src=\"http:\/\/meier-gerdingh.de\/wp-spd-ob\/wp-content\/uploads\/landtagganz1.jpg\" alt=\"Seit 25 Jahren im neuen Geb\u00e4ude am Rhein: Der Landtag von Nordrhein-Westfalen\" width=\"140\" height=\"187\" \/><\/a><p class=\"wp-caption-text\">Seit 25 Jahren im neuen Geb\u00e4ude am Rhein: Der Landtag von Nordrhein-Westfalen<\/p><\/div>\n<p>Zu zwei Tagen der offenen T\u00fcr laden die SPD-Landtagsabgeordneten Stefan Zimkeit und Wolfgang Gro\u00dfe Br\u00f6mer alle B\u00fcrgerinnen und B\u00fcrger in das NRW-Parlamentsgeb\u00e4ude nach D\u00fcsseldorf ein. Das Landtagsgeb\u00e4ude am Rhein wird 25 Jahre alt. Grund genug, mit den B\u00fcrgerinnen und B\u00fcrgern am <b>Samstag, 6. Juli 2013, von 12 bis 18 Uhr<\/b>, und am <b>Sonntag, 7. Juli 2013, von 11 bis 18 Uhr<\/b>, zu feiern.<!--more--><\/p>\n<p>Im Rahmen der Feierlichkeiten gibt es ein vielf\u00e4ltiges Angebot. Das Landtagsgeb\u00e4ude selbst ist ein architektonisches Glanzst\u00fcck. Gelegenheit also, sich pers\u00f6nlich ein Bild zu machen: z.B. im Plenarsaal, in der B\u00fcrgerhalle oder im Empfangsraum der Pr\u00e4sidentin.<\/p>\n<p>Das gilt auch f\u00fcr die Arbeit der Abgeordneten und Fraktionen. Diskutieren Sie mit den Abgeordneten \u00fcber aktuelle politische Themen, informieren Sie sich \u00fcber die Politik der Fraktionen. Oder werfen Sie einen Blick hinter die Kulissen des t\u00e4glichen Parlamentsbetriebs. Erleben Sie z.B. das Schauschreiben der Stenografinnen und Stenografen. Was kann der Petitionsausschuss tun, wenn es Probleme mit Beh\u00f6rden gibt? Welche Informationen bietet der Landtag gedruckt oder digital an?<\/p>\n<p>Im, vor und um den Landtag herum gibt es ein Musik- und Unterhaltungsprogramm mit Gewinnspielen, elektronischer Schnitzeljagd, mit Quiz, Gl\u00fccksrad und Fotostudio. Clowns, Kinderschminken, die WDR-Maus und der K\u00fcnstler und Liedermacher Volker Rosin, der am Samstag, 6. Juli 2013, um 15 Uhr auf der Au\u00dfenb\u00fchne die Kinder zum Tanz bittet, bescheren auch den Kleinen sch\u00f6ne Stunden.<\/p>\n<p>Weitere Informationen auf landtag.nrw.de:<\/p>\n<p><b><a class=\"normal\" title=\"pdf-Dokument | Externer Link, \u00f6ffenet neues Fenster oder neuen Tab\" href=\"http:\/\/www.landtag.nrw.de\/portal\/WWW\/GB_II\/II.1\/Pressemitteilungen-Informationen-Aufmacher\/Pressemitteilungen-Informationen\/Pressemitteilungen\/2013\/06\/Tag_offene_Tuer.pdf\" target=\"_blank\">Tag der offenen T\u00fcr 2013 | Landtag NRW<\/a><\/b><\/p>\n","protected":false},"excerpt":{"rendered":"<p>Zu zwei Tagen der offenen T\u00fcr laden die SPD-Landtagsabgeordneten Stefan Zimkeit und Wolfgang Gro\u00dfe Br\u00f6mer alle B\u00fcrgerinnen und B\u00fcrger in das NRW-Parlamentsgeb\u00e4ude nach D\u00fcsseldorf ein. Das Landtagsgeb\u00e4ude am Rhein wird&hellip; <\/p>\n","protected":false},"author":1,"featured_media":0,"comment_status":"closed","ping_status":"closed","sticky":false,"template":"","format":"standard","meta":{"footnotes":""},"categories":[1],"tags":[],"quellen":[],"class_list":["post-1077","post","type-post","status-publish","format-standard","hentry","category-allgemein"],"_links":{"self":[{"href":"https:\/\/meier-gerdingh.de\/wp-spd-ob\/wp-json\/wp\/v2\/posts\/1077","targetHints":{"allow":["GET"]}}],"collection":[{"href":"https:\/\/meier-gerdingh.de\/wp-spd-ob\/wp-json\/wp\/v2\/posts"}],"about":[{"href":"https:\/\/meier-gerdingh.de\/wp-spd-ob\/wp-json\/wp\/v2\/types\/post"}],"author":[{"embeddable":true,"href":"https:\/\/meier-gerdingh.de\/wp-spd-ob\/wp-json\/wp\/v2\/users\/1"}],"replies":[{"embeddable":true,"href":"https:\/\/meier-gerdingh.de\/wp-spd-ob\/wp-json\/wp\/v2\/comments?post=1077"}],"version-history":[{"count":0,"href":"https:\/\/meier-gerdingh.de\/wp-spd-ob\/wp-json\/wp\/v2\/posts\/1077\/revisions"}],"wp:attachment":[{"href":"https:\/\/meier-gerdingh.de\/wp-spd-ob\/wp-json\/wp\/v2\/media?parent=1077"}],"wp:term":[{"taxonomy":"category","embeddable":true,"href":"https:\/\/meier-gerdingh.de\/wp-spd-ob\/wp-json\/wp\/v2\/categories?post=1077"},{"taxonomy":"post_tag","embeddable":true,"href":"https:\/\/meier-gerdingh.de\/wp-spd-ob\/wp-json\/wp\/v2\/tags?post=1077"},{"taxonomy":"quellen","embeddable":true,"href":"https:\/\/meier-gerdingh.de\/wp-spd-ob\/wp-json\/wp\/v2\/quellen?post=1077"}],"curies":[{"name":"wp","href":"https:\/\/api.w.org\/{rel}","templated":true}]}}