{"id":1078,"date":"2013-07-03T16:00:00","date_gmt":"2013-07-03T14:00:00","guid":{"rendered":"http:\/\/www.meier-gerdingh.de\/spd-oberhausen\/wp\/?p=1078"},"modified":"2017-01-03T17:38:55","modified_gmt":"2017-01-03T16:38:55","slug":"auf-dem-weg-zur-inklusiven-schule","status":"publish","type":"post","link":"https:\/\/meier-gerdingh.de\/wp-spd-ob\/2013\/07\/03\/auf-dem-weg-zur-inklusiven-schule\/","title":{"rendered":"Auf dem Weg zur inklusiven Schule"},"content":{"rendered":"<p>Gemeinsame Schulen f\u00fcr behinderte und nicht-behinderte Kinder sind das Thema einer Diskussionsveranstaltung, die am <b>Dienstag, 9. Juli, um 18 Uhr im Gemeindezentrum Schmachtendorf (Forststra\u00dfe 71)<\/b> stattfindet. Der Schulausschussvorsitzende des Landtags, Wolfgang Gro\u00dfe Br\u00f6mer, wird \u00fcber den Entwurf eines ge\u00e4ndertes Schulgesetzes berichten, das eine inklusive Schule zum Ziel hat. Eingeladen sind Eltern, Lehrer, Schultr\u00e4ger und Verb\u00e4nde aus Dinslaken und Oberhauen.<!--more--><\/p>\n<p>Uns ist es wichtig, Ratschl\u00e4ge aus der Praxis der Regel- und F\u00f6rderschulen zu bekommen, sagt der SPD-Abgeordnete Stefan Zimkeit, der die Veranstaltung moderieren wird. &#8222;Schon im letzten Jahr haben wir in Schmachtendorf zweimal mit Fachleuten aus den Schulen diskutiert. Aus diesem Dialog haben wir wichtige Hinweise mitgenommen.&#8220;<\/p>\n<p>Mit dem ge\u00e4nderten Schulgesetz werde die von Deutschland ratifizierte UN-Behindertenrechtskonvention im schulischen Bereich umgesetzt, erl\u00e4utert Gro\u00dfe Br\u00f6mer.<\/p>\n<p>&#8222;Beginnend mit der 1. Klasse der Grundschule und Klasse 5 der Sekundarstufe soll ab dem n\u00e4chsten Jahr ein Rechtsanspruch eingef\u00fchrt werden. Allen Sch\u00fclern mit Behinderung wird dann mindestens ein Platz an einer allgemeinen Schule angeboten.&#8220;<\/p>\n<p>Auf Wunsch der Eltern sei weiterhin die Wahl einer F\u00f6rderschule m\u00f6glich, wenn ein entsprechender Bedarf vor Ort vorhanden ist, betont der SPD-Landtagsabgeordnete.<\/p>\n","protected":false},"excerpt":{"rendered":"<p>Gemeinsame Schulen f\u00fcr behinderte und nicht-behinderte Kinder sind das Thema einer Diskussionsveranstaltung, die am Dienstag, 9. Juli, um 18 Uhr im Gemeindezentrum Schmachtendorf (Forststra\u00dfe 71) stattfindet. Der Schulausschussvorsitzende des Landtags,&hellip; <\/p>\n","protected":false},"author":1,"featured_media":0,"comment_status":"closed","ping_status":"closed","sticky":false,"template":"","format":"standard","meta":{"footnotes":""},"categories":[1],"tags":[],"quellen":[],"class_list":["post-1078","post","type-post","status-publish","format-standard","hentry","category-allgemein"],"_links":{"self":[{"href":"https:\/\/meier-gerdingh.de\/wp-spd-ob\/wp-json\/wp\/v2\/posts\/1078","targetHints":{"allow":["GET"]}}],"collection":[{"href":"https:\/\/meier-gerdingh.de\/wp-spd-ob\/wp-json\/wp\/v2\/posts"}],"about":[{"href":"https:\/\/meier-gerdingh.de\/wp-spd-ob\/wp-json\/wp\/v2\/types\/post"}],"author":[{"embeddable":true,"href":"https:\/\/meier-gerdingh.de\/wp-spd-ob\/wp-json\/wp\/v2\/users\/1"}],"replies":[{"embeddable":true,"href":"https:\/\/meier-gerdingh.de\/wp-spd-ob\/wp-json\/wp\/v2\/comments?post=1078"}],"version-history":[{"count":0,"href":"https:\/\/meier-gerdingh.de\/wp-spd-ob\/wp-json\/wp\/v2\/posts\/1078\/revisions"}],"wp:attachment":[{"href":"https:\/\/meier-gerdingh.de\/wp-spd-ob\/wp-json\/wp\/v2\/media?parent=1078"}],"wp:term":[{"taxonomy":"category","embeddable":true,"href":"https:\/\/meier-gerdingh.de\/wp-spd-ob\/wp-json\/wp\/v2\/categories?post=1078"},{"taxonomy":"post_tag","embeddable":true,"href":"https:\/\/meier-gerdingh.de\/wp-spd-ob\/wp-json\/wp\/v2\/tags?post=1078"},{"taxonomy":"quellen","embeddable":true,"href":"https:\/\/meier-gerdingh.de\/wp-spd-ob\/wp-json\/wp\/v2\/quellen?post=1078"}],"curies":[{"name":"wp","href":"https:\/\/api.w.org\/{rel}","templated":true}]}}