{"id":108,"date":"1999-11-12T17:00:00","date_gmt":"1999-11-12T15:00:00","guid":{"rendered":"http:\/\/www.meier-gerdingh.de\/spd-oberhausen\/wp\/?p=108"},"modified":"2017-03-03T21:36:33","modified_gmt":"2017-03-03T20:36:33","slug":"diskussion-ueber-gruenen-gewerbepark-an-der-erlenstrasse-auf-einem-guten-weg","status":"publish","type":"post","link":"https:\/\/meier-gerdingh.de\/wp-spd-ob\/1999\/11\/12\/diskussion-ueber-gruenen-gewerbepark-an-der-erlenstrasse-auf-einem-guten-weg\/","title":{"rendered":"Diskussion \u00fcber gr\u00fcnen Gewerbepark an der Erlenstra\u00dfe auf einem guten Weg"},"content":{"rendered":"<div style=\"width: 150px\" class=\"wp-caption alignleft\"><a href=\"http:\/\/meier-gerdingh.de\/wp-spd-ob\/wp-content\/uploads\/brands_99.jpg\"><img decoding=\"async\" class=\"size-full\" src=\"http:\/\/meier-gerdingh.de\/wp-spd-ob\/wp-content\/uploads\/brands_99.jpg\" alt=\"Beatriks Brands\" width=\"140\" height=\"183\" \/><\/a><p class=\"wp-caption-text\">Beatriks Brands<\/p><\/div>\n<p>Von dieser erfreulichen Einsch\u00e4tzung der Vertreter der B\u00fcrgerinitiative Weierheide konnte Beatriks Brands, SPD-Stadtverordnete f\u00fcr diesen Bereich, in der gestrigen Fraktionssitzung zur Zukunft des Areals an der Erlenstra\u00dfe berichten. Nachdem die Planung zur Ansiedlung einer Recyclinganlage an diesem Standort auf Initiative der SPD-Fraktion per Ratsbeschlu\u00df mit der Zielrichtung verworfen wurde, an dieser Fl\u00e4che einen gr\u00fcnen Gewerbepark zu entwickeln, ist parallel dazu initiiert worden, einen planungsbegleitenden Workshop zu etablieren.<!--more--><\/p>\n<p>Dieser Workshop hat sich unter Beteiligung von Vertretern des Grundst\u00fcckseigent\u00fcmers, der B\u00fcrgerinitiative, ansiedlungswilliger Unternehmen und der Planungsverwaltung unter Moderation eines externen Sachverst\u00e4ndigen zu einer ersten Sitzung zusammengesetzt.<\/p>\n<p>Ohne Ergebnisse dieses Workshops vorwegzunehmen, haben die Vertreter der B\u00fcrgerinitiative gegen\u00fcber der SPD-Stadtverordneten Beatriks Brands bereits aus diesem ersten Treffen den Eindruck \u00fcbermittelt, dass hier mit R\u00fccksicht auf die unterschiedlichen Interessenlagen konzentriert und gemeinsam an der Entwicklung dieses Standortes gearbeitet wird.<\/p>\n<p>Vor den Hintergrund dieser ersten Eindr\u00fccke sieht sich die SPD-Stadtverordnete Beatriks Brands in ihrer Haltung best\u00e4tigt, den Planungsworkshop ohne kommunalpolitische Beteiligung durchzuf\u00fchren, damit die Sorgen der Anwohner zu Entwicklungsperspektiven dieser Fl\u00e4che nicht bereits im Vorfeld der B\u00fcrgerversammlungen erneut f\u00fcr politisch motivierte Diskussionen instrumentalisiert werden.<\/p>\n<p>&#8222;Ich freue mich dar\u00fcber, da\u00df Vertreter der B\u00fcrgerinitiative Kontakt mit mir gesucht haben, um den positiven Eindruck au der ersten Sitzung des Workshops zum Ausdruck zu bringen,&#8220; so die Stadtverordnete Beatriks Brands vor der SPD-Fraktion.<\/p>\n","protected":false},"excerpt":{"rendered":"<p>Von dieser erfreulichen Einsch\u00e4tzung der Vertreter der B\u00fcrgerinitiative Weierheide konnte Beatriks Brands, SPD-Stadtverordnete f\u00fcr diesen Bereich, in der gestrigen Fraktionssitzung zur Zukunft des Areals an der Erlenstra\u00dfe berichten. Nachdem die&hellip; <\/p>\n","protected":false},"author":1,"featured_media":0,"comment_status":"closed","ping_status":"closed","sticky":false,"template":"","format":"standard","meta":{"footnotes":""},"categories":[1],"tags":[],"quellen":[],"class_list":["post-108","post","type-post","status-publish","format-standard","hentry","category-allgemein"],"_links":{"self":[{"href":"https:\/\/meier-gerdingh.de\/wp-spd-ob\/wp-json\/wp\/v2\/posts\/108","targetHints":{"allow":["GET"]}}],"collection":[{"href":"https:\/\/meier-gerdingh.de\/wp-spd-ob\/wp-json\/wp\/v2\/posts"}],"about":[{"href":"https:\/\/meier-gerdingh.de\/wp-spd-ob\/wp-json\/wp\/v2\/types\/post"}],"author":[{"embeddable":true,"href":"https:\/\/meier-gerdingh.de\/wp-spd-ob\/wp-json\/wp\/v2\/users\/1"}],"replies":[{"embeddable":true,"href":"https:\/\/meier-gerdingh.de\/wp-spd-ob\/wp-json\/wp\/v2\/comments?post=108"}],"version-history":[{"count":0,"href":"https:\/\/meier-gerdingh.de\/wp-spd-ob\/wp-json\/wp\/v2\/posts\/108\/revisions"}],"wp:attachment":[{"href":"https:\/\/meier-gerdingh.de\/wp-spd-ob\/wp-json\/wp\/v2\/media?parent=108"}],"wp:term":[{"taxonomy":"category","embeddable":true,"href":"https:\/\/meier-gerdingh.de\/wp-spd-ob\/wp-json\/wp\/v2\/categories?post=108"},{"taxonomy":"post_tag","embeddable":true,"href":"https:\/\/meier-gerdingh.de\/wp-spd-ob\/wp-json\/wp\/v2\/tags?post=108"},{"taxonomy":"quellen","embeddable":true,"href":"https:\/\/meier-gerdingh.de\/wp-spd-ob\/wp-json\/wp\/v2\/quellen?post=108"}],"curies":[{"name":"wp","href":"https:\/\/api.w.org\/{rel}","templated":true}]}}