{"id":1082,"date":"2013-07-18T16:00:00","date_gmt":"2013-07-18T14:00:00","guid":{"rendered":"http:\/\/www.meier-gerdingh.de\/spd-oberhausen\/wp\/?p=1082"},"modified":"2017-01-03T17:40:04","modified_gmt":"2017-01-03T16:40:04","slug":"mindestlohn-ist-gut-fuer-oberhausen","status":"publish","type":"post","link":"https:\/\/meier-gerdingh.de\/wp-spd-ob\/2013\/07\/18\/mindestlohn-ist-gut-fuer-oberhausen\/","title":{"rendered":"Mindestlohn ist gut f\u00fcr Oberhausen"},"content":{"rendered":"<div style=\"width: 150px\" class=\"wp-caption alignleft\"><a href=\"http:\/\/meier-gerdingh.de\/wp-spd-ob\/wp-content\/uploads\/voepel_dirk_13.jpg\"><img decoding=\"async\" class=\"size-full\" src=\"http:\/\/meier-gerdingh.de\/wp-spd-ob\/wp-content\/uploads\/voepel_dirk_13.jpg\" alt=\"Dirk V\u00f6pel ist Bezirksb\u00fcrgermeister von Alt-Oberhausen und SPD-Bundestagskandidat f\u00fcr Oberhausen und Dinslaken\" width=\"140\" height=\"186\" \/><\/a><p class=\"wp-caption-text\">Dirk V\u00f6pel ist Bezirksb\u00fcrgermeister von Alt-Oberhausen und SPD-Bundestagskandidat f\u00fcr Oberhausen und Dinslaken<\/p><\/div>\n<p>Der gesetzliche Mindestlohn von mindestens 8,50 Euro ist eine der zentralen Forderungen im Regierungsprogramm der SPD. &#8222;Auch f\u00fcr Oberhausen h\u00e4tte das positive Folgen. Jetzt best\u00e4tigt sich nochmal, was wir Sozialdemokraten immer sagen: Eine SPD mit Verantwortung im Bund tut den Arbeitnehmerinnen und Arbeitnehmern und den Kommunen gut.&#8220; Das belegen Studien, zum Beispiel die von ver.di und der Gewerkschaft Nahrung &#8211; Genuss &#8211; Gastst\u00e4tten (NGG) in Auftrag gegebene Untersuchung vom Pestel-Institut in Hannover.<!--more--><\/p>\n<p>Die positiven Auswirkungen liegen auf der Hand: Mehr Lohn bedeutet eine Steigerung der Kaufkraft und das brauchen wir in unserer Stadt, betont Dirk V\u00f6pel. &#8222;Gut ist, dass nun immer mehr sagen: Mindestlohn ist der richtige Weg.&#8220;<\/p>\n<p>V\u00f6pel weiter: &#8222;Wir sind \u00fcberzeugt, dass Gegner des Mindestlohns im Unrecht sind. Die Erfahrungen in 20 EU-Staaten strafen diese Behauptungen L\u00fcgen. Auch sind vorgeschriebene 8,50 Euro kein Eingriff in die Tarifautonomie, sondern lediglich die Untergrenze f\u00fcr menschenw\u00fcrdigen Lohn.&#8220; Oberhalb dieser k\u00f6nnen die Tarifpartner frei die H\u00f6he aushandeln.<\/p>\n","protected":false},"excerpt":{"rendered":"<p>Der gesetzliche Mindestlohn von mindestens 8,50 Euro ist eine der zentralen Forderungen im Regierungsprogramm der SPD. &#8222;Auch f\u00fcr Oberhausen h\u00e4tte das positive Folgen. Jetzt best\u00e4tigt sich nochmal, was wir Sozialdemokraten&hellip; <\/p>\n","protected":false},"author":1,"featured_media":0,"comment_status":"closed","ping_status":"closed","sticky":false,"template":"","format":"standard","meta":{"footnotes":""},"categories":[1],"tags":[],"quellen":[],"class_list":["post-1082","post","type-post","status-publish","format-standard","hentry","category-allgemein"],"_links":{"self":[{"href":"https:\/\/meier-gerdingh.de\/wp-spd-ob\/wp-json\/wp\/v2\/posts\/1082","targetHints":{"allow":["GET"]}}],"collection":[{"href":"https:\/\/meier-gerdingh.de\/wp-spd-ob\/wp-json\/wp\/v2\/posts"}],"about":[{"href":"https:\/\/meier-gerdingh.de\/wp-spd-ob\/wp-json\/wp\/v2\/types\/post"}],"author":[{"embeddable":true,"href":"https:\/\/meier-gerdingh.de\/wp-spd-ob\/wp-json\/wp\/v2\/users\/1"}],"replies":[{"embeddable":true,"href":"https:\/\/meier-gerdingh.de\/wp-spd-ob\/wp-json\/wp\/v2\/comments?post=1082"}],"version-history":[{"count":0,"href":"https:\/\/meier-gerdingh.de\/wp-spd-ob\/wp-json\/wp\/v2\/posts\/1082\/revisions"}],"wp:attachment":[{"href":"https:\/\/meier-gerdingh.de\/wp-spd-ob\/wp-json\/wp\/v2\/media?parent=1082"}],"wp:term":[{"taxonomy":"category","embeddable":true,"href":"https:\/\/meier-gerdingh.de\/wp-spd-ob\/wp-json\/wp\/v2\/categories?post=1082"},{"taxonomy":"post_tag","embeddable":true,"href":"https:\/\/meier-gerdingh.de\/wp-spd-ob\/wp-json\/wp\/v2\/tags?post=1082"},{"taxonomy":"quellen","embeddable":true,"href":"https:\/\/meier-gerdingh.de\/wp-spd-ob\/wp-json\/wp\/v2\/quellen?post=1082"}],"curies":[{"name":"wp","href":"https:\/\/api.w.org\/{rel}","templated":true}]}}