{"id":10953,"date":"2023-10-25T15:36:06","date_gmt":"2023-10-25T13:36:06","guid":{"rendered":"https:\/\/meier-gerdingh.de\/wp-spd-ob\/?p=10953"},"modified":"2024-06-13T14:50:06","modified_gmt":"2024-06-13T12:50:06","slug":"10953","status":"publish","type":"post","link":"https:\/\/meier-gerdingh.de\/wp-spd-ob\/2023\/10\/25\/10953\/","title":{"rendered":"NRW-Lokalradios m\u00fcssen bleiben"},"content":{"rendered":"<p><a href=\"https:\/\/meier-gerdingh.de\/wp-spd-ob\/wp-content\/uploads\/2023\/03\/banner-diese-woche-im-landtag-01.jpg\"><img decoding=\"async\" class=\"aligncenter size-full wp-image-10267\" src=\"https:\/\/meier-gerdingh.de\/wp-spd-ob\/wp-content\/uploads\/2023\/03\/banner-diese-woche-im-landtag-01.jpg\" alt=\"\" width=\"700\" height=\"258\" srcset=\"https:\/\/meier-gerdingh.de\/wp-spd-ob\/wp-content\/uploads\/2023\/03\/banner-diese-woche-im-landtag-01.jpg 700w, https:\/\/meier-gerdingh.de\/wp-spd-ob\/wp-content\/uploads\/2023\/03\/banner-diese-woche-im-landtag-01-300x111.jpg 300w\" sizes=\"(max-width: 700px) 100vw, 700px\" \/><\/a>Die SPD-Landtagsabgeordnete Sonja Bongers hat sich daf\u00fcr ausgesprochen, die Lokalradios im Land zu erhalten. &#8222;Wir m\u00fcssen sicherstellen, dass auch in Zukunft in allen 44 Verbreitungsgebieten in NRW eigene Redaktionen arbeiten k\u00f6nnen. Nur dies sorgt daf\u00fcr, dass B\u00fcrgerinnen und B\u00fcrger mit den lokalen Nachrichten versorgt werden und auch etwa im Katastrophenfall Redakteurinnen und Redakteure von der konkreten Lage vor Ort berichten k\u00f6nnen. Gerade in Zeiten von gezielten Falschmeldungen \u00fcber social media ist es wichtig hier die Medienmacher zu unterst\u00fctzen&#8220;, sagte Bongers.<\/p>\n","protected":false},"excerpt":{"rendered":"<p>Die SPD-Landtagsabgeordnete Sonja Bongers hat sich daf\u00fcr ausgesprochen, die Lokalradios im Land zu erhalten. &#8222;Wir m\u00fcssen sicherstellen, dass auch in Zukunft in allen 44 Verbreitungsgebieten in NRW eigene Redaktionen arbeiten&hellip; <\/p>\n","protected":false},"author":1,"featured_media":0,"comment_status":"closed","ping_status":"closed","sticky":false,"template":"","format":"standard","meta":{"footnotes":""},"categories":[4120,216],"tags":[2596,3804],"quellen":[1317],"class_list":["post-10953","post","type-post","status-publish","format-standard","hentry","category-die-woche-im-landtag","category-land","tag-lokalradios","tag-medien","quellen-mdl-sonja-bongers"],"_links":{"self":[{"href":"https:\/\/meier-gerdingh.de\/wp-spd-ob\/wp-json\/wp\/v2\/posts\/10953","targetHints":{"allow":["GET"]}}],"collection":[{"href":"https:\/\/meier-gerdingh.de\/wp-spd-ob\/wp-json\/wp\/v2\/posts"}],"about":[{"href":"https:\/\/meier-gerdingh.de\/wp-spd-ob\/wp-json\/wp\/v2\/types\/post"}],"author":[{"embeddable":true,"href":"https:\/\/meier-gerdingh.de\/wp-spd-ob\/wp-json\/wp\/v2\/users\/1"}],"replies":[{"embeddable":true,"href":"https:\/\/meier-gerdingh.de\/wp-spd-ob\/wp-json\/wp\/v2\/comments?post=10953"}],"version-history":[{"count":0,"href":"https:\/\/meier-gerdingh.de\/wp-spd-ob\/wp-json\/wp\/v2\/posts\/10953\/revisions"}],"wp:attachment":[{"href":"https:\/\/meier-gerdingh.de\/wp-spd-ob\/wp-json\/wp\/v2\/media?parent=10953"}],"wp:term":[{"taxonomy":"category","embeddable":true,"href":"https:\/\/meier-gerdingh.de\/wp-spd-ob\/wp-json\/wp\/v2\/categories?post=10953"},{"taxonomy":"post_tag","embeddable":true,"href":"https:\/\/meier-gerdingh.de\/wp-spd-ob\/wp-json\/wp\/v2\/tags?post=10953"},{"taxonomy":"quellen","embeddable":true,"href":"https:\/\/meier-gerdingh.de\/wp-spd-ob\/wp-json\/wp\/v2\/quellen?post=10953"}],"curies":[{"name":"wp","href":"https:\/\/api.w.org\/{rel}","templated":true}]}}