{"id":10954,"date":"2023-10-25T15:40:46","date_gmt":"2023-10-25T13:40:46","guid":{"rendered":"https:\/\/meier-gerdingh.de\/wp-spd-ob\/?p=10954"},"modified":"2024-06-13T14:49:47","modified_gmt":"2024-06-13T12:49:47","slug":"sorgen-in-den-kommunen-brandbrief-der-staedte-und-gemeinden-ernst-nehmen","status":"publish","type":"post","link":"https:\/\/meier-gerdingh.de\/wp-spd-ob\/2023\/10\/25\/sorgen-in-den-kommunen-brandbrief-der-staedte-und-gemeinden-ernst-nehmen\/","title":{"rendered":"Sorgen in den Kommunen \u2013 Brandbrief der St\u00e4dte und Gemeinden ernst nehmen"},"content":{"rendered":"<p><a href=\"https:\/\/meier-gerdingh.de\/wp-spd-ob\/wp-content\/uploads\/2023\/03\/banner-diese-woche-im-landtag-01.jpg\"><img decoding=\"async\" class=\"aligncenter size-full wp-image-10267\" src=\"https:\/\/meier-gerdingh.de\/wp-spd-ob\/wp-content\/uploads\/2023\/03\/banner-diese-woche-im-landtag-01.jpg\" alt=\"\" width=\"700\" height=\"258\" srcset=\"https:\/\/meier-gerdingh.de\/wp-spd-ob\/wp-content\/uploads\/2023\/03\/banner-diese-woche-im-landtag-01.jpg 700w, https:\/\/meier-gerdingh.de\/wp-spd-ob\/wp-content\/uploads\/2023\/03\/banner-diese-woche-im-landtag-01-300x111.jpg 300w\" sizes=\"(max-width: 700px) 100vw, 700px\" \/><\/a>Partei\u00fcbergreifend haben sich 355 B\u00fcrgermeisterinnen und B\u00fcrgermeister von kreisangeh\u00f6rigen Kommunen in NRW im September 2023 mit einem Brandbrief an den Ministerpr\u00e4sidenten gewandt. In diesem Brief warnen die B\u00fcrgermeisterinnen und B\u00fcrgermeister vor Gefahren f\u00fcr den Fortbestand der kommunalen Selbstverwaltung.<\/p>\n<p>&#8222;Einen solchen breiten Hilferuf der St\u00e4dte und Gemeinden kann man in seiner Bedeutung und seinem Gewicht nicht \u00fcbersch\u00e4tzen. Die B\u00fcrgermeisterinnen und B\u00fcrgermeister weisen auf die sich verst\u00e4rkenden Herausforderungen angesichts sinkender Einnahmen bei gleichzeitig steigenden Ausgaben hin. Die nordrhein-westf\u00e4lischen Kommunen hatten im bundesweiten Vergleich im Jahr 2022 das zweith\u00f6chste negative Finanzierungssaldo&#8220;, erkl\u00e4rte die SPD-Politikerin Sonja Bongers. Demnach \u00fcberstiegen die kommunalen Ausgaben die Einnahmen in NRW besonders stark.<!--more--><\/p>\n<p>Die Forderung der Kommunen nach &#8222;einer aufgabenangemessenen Finanzausstattung durch eine deutliche Anhebung des Verbundsatzes im Gemeindefinanzierungsgesetz&#8220; sei vor diesem Hintergrund ebenso nachvollziehbar, wie berechtigt, so Bongers weiter.<\/p>\n<p>Der Sorge der Unterzeichnenden des Brandbriefes, dass eine solche Entwicklung den N\u00e4hrboden f\u00fcr eine weitere Polarisierung und den Verlust des Vertrauens in das demokratische Staatswesen bereite, stimmt Bongers zu.<\/p>\n","protected":false},"excerpt":{"rendered":"<p>Partei\u00fcbergreifend haben sich 355 B\u00fcrgermeisterinnen und B\u00fcrgermeister von kreisangeh\u00f6rigen Kommunen in NRW im September 2023 mit einem Brandbrief an den Ministerpr\u00e4sidenten gewandt. In diesem Brief warnen die B\u00fcrgermeisterinnen und B\u00fcrgermeister&hellip; <\/p>\n","protected":false},"author":1,"featured_media":0,"comment_status":"closed","ping_status":"closed","sticky":false,"template":"","format":"standard","meta":{"footnotes":""},"categories":[4120,98,216],"tags":[563,3805,14],"quellen":[1317],"class_list":["post-10954","post","type-post","status-publish","format-standard","hentry","category-die-woche-im-landtag","category-finanzen","category-land","tag-gemeindefinanzierungsgesetz","tag-kommunale-selbstverwaltung","tag-kommunalfinanzen","quellen-mdl-sonja-bongers"],"_links":{"self":[{"href":"https:\/\/meier-gerdingh.de\/wp-spd-ob\/wp-json\/wp\/v2\/posts\/10954","targetHints":{"allow":["GET"]}}],"collection":[{"href":"https:\/\/meier-gerdingh.de\/wp-spd-ob\/wp-json\/wp\/v2\/posts"}],"about":[{"href":"https:\/\/meier-gerdingh.de\/wp-spd-ob\/wp-json\/wp\/v2\/types\/post"}],"author":[{"embeddable":true,"href":"https:\/\/meier-gerdingh.de\/wp-spd-ob\/wp-json\/wp\/v2\/users\/1"}],"replies":[{"embeddable":true,"href":"https:\/\/meier-gerdingh.de\/wp-spd-ob\/wp-json\/wp\/v2\/comments?post=10954"}],"version-history":[{"count":0,"href":"https:\/\/meier-gerdingh.de\/wp-spd-ob\/wp-json\/wp\/v2\/posts\/10954\/revisions"}],"wp:attachment":[{"href":"https:\/\/meier-gerdingh.de\/wp-spd-ob\/wp-json\/wp\/v2\/media?parent=10954"}],"wp:term":[{"taxonomy":"category","embeddable":true,"href":"https:\/\/meier-gerdingh.de\/wp-spd-ob\/wp-json\/wp\/v2\/categories?post=10954"},{"taxonomy":"post_tag","embeddable":true,"href":"https:\/\/meier-gerdingh.de\/wp-spd-ob\/wp-json\/wp\/v2\/tags?post=10954"},{"taxonomy":"quellen","embeddable":true,"href":"https:\/\/meier-gerdingh.de\/wp-spd-ob\/wp-json\/wp\/v2\/quellen?post=10954"}],"curies":[{"name":"wp","href":"https:\/\/api.w.org\/{rel}","templated":true}]}}