{"id":10958,"date":"2023-10-25T10:54:20","date_gmt":"2023-10-25T08:54:20","guid":{"rendered":"https:\/\/meier-gerdingh.de\/wp-spd-ob\/?p=10958"},"modified":"2023-10-25T15:57:27","modified_gmt":"2023-10-25T13:57:27","slug":"feuerwehrleute-sollen-weiterhin-mit-60-in-rente-gehen","status":"publish","type":"post","link":"https:\/\/meier-gerdingh.de\/wp-spd-ob\/2023\/10\/25\/feuerwehrleute-sollen-weiterhin-mit-60-in-rente-gehen\/","title":{"rendered":"&#8222;Feuerwehrleute sollen weiterhin mit 60 in Rente gehen&#8220;"},"content":{"rendered":"<div id=\"attachment_7690\" style=\"width: 170px\" class=\"wp-caption alignleft\"><a href=\"https:\/\/meier-gerdingh.de\/wp-spd-ob\/wp-content\/uploads\/2020\/11\/bongers-sonja-2020-lg.jpg\"><img aria-describedby=\"caption-attachment-7690\" decoding=\"async\" class=\"size-full wp-image-7690\" src=\"https:\/\/meier-gerdingh.de\/wp-spd-ob\/wp-content\/uploads\/2020\/11\/bongers-sonja-2020.jpg\" alt=\"\" width=\"160\" height=\"200\" \/><\/a><p id=\"caption-attachment-7690\" class=\"wp-caption-text\">Sonja Bongers ist Vorsitzende der SPD-Ratsfraktion und Mitglied des Landtags von Nordrhein-Westfalen<\/p><\/div>\n<p>Die SPD-Landtagsabgeordnete Sonja Bongers hat die Pl\u00e4ne des Innenministeriums NRW, die Altersgrenze zum Dienstaustritt bei Feuerwehrleuten zu erh\u00f6hen, mit Nachdruck zur\u00fcckgewiesen. &#8222;Es kann nicht sein, dass \u00fcberhaupt dar\u00fcber nachgedacht wird, von der Altersgrenze mit 60 abzur\u00fccken und die Leute l\u00e4nger arbeiten zu lassen. Die Feuerwehrleute haben eh schon einen stressigen und gef\u00e4hrlichen Job. Durch den Schichtdienst kommen sie h\u00e4ufig auf eine 48-Stunden-Woche. Das bedeutet, dass sie im Laufe des Berufslebens bereits ihren Beitrag mehr als erf\u00fcllt haben&#8220;, sagte die Rechtspolitikerin.<!--more--><\/p>\n<h3 class=\"spd-ob-crossheading\">Job wird unattraktiv<\/h3>\n<p>Immer wieder werde davon gesprochen, den \u00f6ffentlichen Dienst attraktiver zu machen und die ma\u00dfgeblichen Politiker der CDU t\u00e4ten dann alles, um genau das Gegenteil zu erreichen, so Bongers weiter. &#8222;So mache ich keine Werbung f\u00fcr Jobs beim Staat.&#8220;<\/p>\n<h3 class=\"spd-ob-crossheading\">T\u00e4glicher Stress<\/h3>\n<p>Vor allem sollte die Politik den Stress in diesem Berufsfeld ber\u00fccksichtigen, meint Bongers. &#8222;Die Belastungen im Feuerwehr- und Rettungsdienst steigen kontinuierlich an. Schichtdienst, k\u00f6rperliche und psychische Belastungen, dazu Angriffe aus der Bev\u00f6lkerung bei Eins\u00e4tzen. Irgendwann k\u00f6nnen die Menschen einfach nicht mehr, das sollte uns bewusst sein.&#8220;<\/p>\n","protected":false},"excerpt":{"rendered":"<p>Die SPD-Landtagsabgeordnete Sonja Bongers hat die Pl\u00e4ne des Innenministeriums NRW, die Altersgrenze zum Dienstaustritt bei Feuerwehrleuten zu erh\u00f6hen, mit Nachdruck zur\u00fcckgewiesen. &#8222;Es kann nicht sein, dass \u00fcberhaupt dar\u00fcber nachgedacht wird,&hellip; <\/p>\n","protected":false},"author":1,"featured_media":0,"comment_status":"closed","ping_status":"closed","sticky":false,"template":"","format":"standard","meta":{"footnotes":""},"categories":[174,216,7],"tags":[3814,278,3110,3112,703],"quellen":[1317],"class_list":["post-10958","post","type-post","status-publish","format-standard","hentry","category-arbeit-und-soziales","category-land","category-sicherheit","tag-altersgrenze","tag-feuerwehr","tag-feuerwehrleute","tag-oeffentlicher-dienst","tag-rente","quellen-mdl-sonja-bongers"],"_links":{"self":[{"href":"https:\/\/meier-gerdingh.de\/wp-spd-ob\/wp-json\/wp\/v2\/posts\/10958","targetHints":{"allow":["GET"]}}],"collection":[{"href":"https:\/\/meier-gerdingh.de\/wp-spd-ob\/wp-json\/wp\/v2\/posts"}],"about":[{"href":"https:\/\/meier-gerdingh.de\/wp-spd-ob\/wp-json\/wp\/v2\/types\/post"}],"author":[{"embeddable":true,"href":"https:\/\/meier-gerdingh.de\/wp-spd-ob\/wp-json\/wp\/v2\/users\/1"}],"replies":[{"embeddable":true,"href":"https:\/\/meier-gerdingh.de\/wp-spd-ob\/wp-json\/wp\/v2\/comments?post=10958"}],"version-history":[{"count":0,"href":"https:\/\/meier-gerdingh.de\/wp-spd-ob\/wp-json\/wp\/v2\/posts\/10958\/revisions"}],"wp:attachment":[{"href":"https:\/\/meier-gerdingh.de\/wp-spd-ob\/wp-json\/wp\/v2\/media?parent=10958"}],"wp:term":[{"taxonomy":"category","embeddable":true,"href":"https:\/\/meier-gerdingh.de\/wp-spd-ob\/wp-json\/wp\/v2\/categories?post=10958"},{"taxonomy":"post_tag","embeddable":true,"href":"https:\/\/meier-gerdingh.de\/wp-spd-ob\/wp-json\/wp\/v2\/tags?post=10958"},{"taxonomy":"quellen","embeddable":true,"href":"https:\/\/meier-gerdingh.de\/wp-spd-ob\/wp-json\/wp\/v2\/quellen?post=10958"}],"curies":[{"name":"wp","href":"https:\/\/api.w.org\/{rel}","templated":true}]}}