{"id":10964,"date":"2023-10-27T17:48:06","date_gmt":"2023-10-27T15:48:06","guid":{"rendered":"https:\/\/meier-gerdingh.de\/wp-spd-ob\/?p=10964"},"modified":"2023-10-27T17:48:06","modified_gmt":"2023-10-27T15:48:06","slug":"spd-will-teiloeffnung-von-sbo-parkhaus-pruefen-lassen","status":"publish","type":"post","link":"https:\/\/meier-gerdingh.de\/wp-spd-ob\/2023\/10\/27\/spd-will-teiloeffnung-von-sbo-parkhaus-pruefen-lassen\/","title":{"rendered":"SPD will Teil\u00f6ffnung von SBO-Parkhaus pr\u00fcfen lassen"},"content":{"rendered":"<div id=\"attachment_10962\" style=\"width: 170px\" class=\"wp-caption alignleft\"><a href=\"https:\/\/meier-gerdingh.de\/wp-spd-ob\/wp-content\/uploads\/2023\/10\/cordes-hubert-lg.jpg\"><img aria-describedby=\"caption-attachment-10962\" decoding=\"async\" class=\"size-full wp-image-10962\" src=\"https:\/\/meier-gerdingh.de\/wp-spd-ob\/wp-content\/uploads\/2023\/10\/cordes-hubert.jpg\" alt=\"\" width=\"160\" height=\"200\" \/><\/a><p id=\"caption-attachment-10962\" class=\"wp-caption-text\">Hubert Cordes ist Vorsitzender der SPD-Fraktion in der Bezirksvertretung Sterkrade<\/p><\/div>\n<p>Die SPD-Fraktion in der Bezirksvertretung Sterkrade m\u00f6chte die Verwaltung pr\u00fcfen lassen, ob Besucherinnen und Besuchern der Sterkrader Innenstadt eine kostenlose zweist\u00fcndige Parkzeit im Parkhaus der SBO am Eugen-zur-Nieden-Ring angeboten werden kann. Einen entsprechenden <a href=\"https:\/\/meier-gerdingh.de\/wp-spd-ob\/fraktion\/antraege\/pruefung-einer-kostenlosen-zweistuendigen-parkzeit-im-parkhaus-der-sbo-am-eugen-zur-nieden-ring\/\">Antrag<\/a> haben die Sozialdemokraten f\u00fcr die n\u00e4chste Sitzung der Bezirksvertretung am Donnerstag, 2. November, gestellt.<\/p>\n<p>&#8222;Zur St\u00e4rkung der Wirtschaft in der Sterkrader Innenstadt und zur Unterst\u00fctzung der Sterkrader Kaufmannschaft&#8220;, so die SPD, solle diese Ma\u00dfnahme gepr\u00fcft werden, um den Wegfall der kostenfreien, zweist\u00fcndigen Parkzeit im Parkhaus an der Bahnhofstra\u00dfe zun\u00e4chst zu kompensieren.<!--more--><\/p>\n<p>Seit dem Umzug der Sterkrader Kaufland-Filiale und der damit einhergehenden Schlie\u00dfung des Parkhauses fehlen dort 700 Parkpl\u00e4tze. Die Verwaltung ist in Gespr\u00e4chen, was die zuk\u00fcnftige Nutzung des Parkhauses betrifft.<\/p>\n<p>&#8222;Wir m\u00f6chten mit dieser Ma\u00dfnahme dem Sterkrader Einzelhandel ganz konkret und so rasch wie m\u00f6glich helfen, fu\u00dfl\u00e4ufige Parkm\u00f6glichkeiten sind ein wichtiger Aspekt&#8220;, erkl\u00e4rt der Vorsitzende der SPD-Fraktion in der Bezirksvertretung Sterkrade, Hubert Cordes.<\/p>\n","protected":false},"excerpt":{"rendered":"<p>Die SPD-Fraktion in der Bezirksvertretung Sterkrade m\u00f6chte die Verwaltung pr\u00fcfen lassen, ob Besucherinnen und Besuchern der Sterkrader Innenstadt eine kostenlose zweist\u00fcndige Parkzeit im Parkhaus der SBO am Eugen-zur-Nieden-Ring angeboten werden&hellip; <\/p>\n","protected":false},"author":1,"featured_media":0,"comment_status":"closed","ping_status":"closed","sticky":false,"template":"","format":"standard","meta":{"footnotes":""},"categories":[3070,167],"tags":[3816,234,3817,3819,3818,3815,46],"quellen":[326],"class_list":["post-10964","post","type-post","status-publish","format-standard","hentry","category-mobilitaet","category-stadtteile","tag-eugen-zur-nieden-ring","tag-innenstadt-sterkrade","tag-kaufland-immobilie","tag-parkmoeglichkeiten","tag-parkraum","tag-sbo-parkhaus","tag-sterkrade","quellen-spd-fraktion-oberhausen"],"_links":{"self":[{"href":"https:\/\/meier-gerdingh.de\/wp-spd-ob\/wp-json\/wp\/v2\/posts\/10964","targetHints":{"allow":["GET"]}}],"collection":[{"href":"https:\/\/meier-gerdingh.de\/wp-spd-ob\/wp-json\/wp\/v2\/posts"}],"about":[{"href":"https:\/\/meier-gerdingh.de\/wp-spd-ob\/wp-json\/wp\/v2\/types\/post"}],"author":[{"embeddable":true,"href":"https:\/\/meier-gerdingh.de\/wp-spd-ob\/wp-json\/wp\/v2\/users\/1"}],"replies":[{"embeddable":true,"href":"https:\/\/meier-gerdingh.de\/wp-spd-ob\/wp-json\/wp\/v2\/comments?post=10964"}],"version-history":[{"count":0,"href":"https:\/\/meier-gerdingh.de\/wp-spd-ob\/wp-json\/wp\/v2\/posts\/10964\/revisions"}],"wp:attachment":[{"href":"https:\/\/meier-gerdingh.de\/wp-spd-ob\/wp-json\/wp\/v2\/media?parent=10964"}],"wp:term":[{"taxonomy":"category","embeddable":true,"href":"https:\/\/meier-gerdingh.de\/wp-spd-ob\/wp-json\/wp\/v2\/categories?post=10964"},{"taxonomy":"post_tag","embeddable":true,"href":"https:\/\/meier-gerdingh.de\/wp-spd-ob\/wp-json\/wp\/v2\/tags?post=10964"},{"taxonomy":"quellen","embeddable":true,"href":"https:\/\/meier-gerdingh.de\/wp-spd-ob\/wp-json\/wp\/v2\/quellen?post=10964"}],"curies":[{"name":"wp","href":"https:\/\/api.w.org\/{rel}","templated":true}]}}