{"id":10968,"date":"2023-10-30T15:22:59","date_gmt":"2023-10-30T14:22:59","guid":{"rendered":"https:\/\/meier-gerdingh.de\/wp-spd-ob\/?p=10968"},"modified":"2023-10-30T15:22:59","modified_gmt":"2023-10-30T14:22:59","slug":"hohe-auszeichnung-fuer-kuenstler-hartwig-kompa","status":"publish","type":"post","link":"https:\/\/meier-gerdingh.de\/wp-spd-ob\/2023\/10\/30\/hohe-auszeichnung-fuer-kuenstler-hartwig-kompa\/","title":{"rendered":"Hohe Auszeichnung f\u00fcr K\u00fcnstler Hartwig Kompa"},"content":{"rendered":"<div id=\"attachment_10966\" style=\"width: 170px\" class=\"wp-caption alignleft\"><a href=\"https:\/\/meier-gerdingh.de\/wp-spd-ob\/wp-content\/uploads\/2023\/10\/kompa-hartwig-lg.jpg\"><img aria-describedby=\"caption-attachment-10966\" decoding=\"async\" class=\"size-full wp-image-10966\" src=\"https:\/\/meier-gerdingh.de\/wp-spd-ob\/wp-content\/uploads\/2023\/10\/kompa-hartwig.jpg\" alt=\"\" width=\"160\" height=\"200\" \/><\/a><p id=\"caption-attachment-10966\" class=\"wp-caption-text\">Hartwig Kompa ist B\u00fcrgermitglied im Kulturausschuss<\/p><\/div>\n<p>Die SPD-Fraktion im Rat der Stadt freut sich mit einem frischgebackenen Preistr\u00e4ger aus ihren Reihen: Der Oberhausener K\u00fcnstler Hartwig Kompa, der als sachkundiger B\u00fcrger f\u00fcr die Sozialdemokraten im Kulturausschuss sitzt, ist jetzt mit einem der zehn Kunstpreise &#8222;CityARTists&#8220; 2023 ausgezeichnet worden. Die Preise werden als Stipendium vergeben, sind jeweils mit 5000 Euro dotiert und richten sich speziell an bildende K\u00fcnstlerinnen und K\u00fcnstler, die das 50. Lebensjahr vollendet haben.<\/p>\n<p>&#8222;Sein Werk repr\u00e4sentiert eine wichtige Str\u00f6mung innerhalb der zeitgen\u00f6ssischen Malerei, die weit \u00fcber ihre regionale Verankerung hinausweist und betr\u00e4chtliche internationale Relevanz aufweist&#8220;, hei\u00dft es in der Begr\u00fcndung der Jury.<!--more--><\/p>\n<p>&#8222;Wir freuen uns sehr, dass Hartwig Kompa diese wichtige, \u00fcberregionale Auszeichung erhalten hat&#8220;, erkl\u00e4rt dazu der kulturpolitische Sprecher der SPD-Ratsfraktion, Axel J. Scherer. &#8222;Herzlichen Gl\u00fcckwunsch einem K\u00fcnstler, der sich auch in der in der politischen Arbeit immer als geradlinig und aufrecht erwiesen hat.&#8220;<\/p>\n","protected":false},"excerpt":{"rendered":"<p>Die SPD-Fraktion im Rat der Stadt freut sich mit einem frischgebackenen Preistr\u00e4ger aus ihren Reihen: Der Oberhausener K\u00fcnstler Hartwig Kompa, der als sachkundiger B\u00fcrger f\u00fcr die Sozialdemokraten im Kulturausschuss sitzt,&hellip; <\/p>\n","protected":false},"author":1,"featured_media":0,"comment_status":"closed","ping_status":"closed","sticky":false,"template":"","format":"standard","meta":{"footnotes":""},"categories":[40,2169],"tags":[3820,3821,3822],"quellen":[326],"class_list":["post-10968","post","type-post","status-publish","format-standard","hentry","category-kultur","category-personalien","tag-cityartists","tag-kunst","tag-malerei","quellen-spd-fraktion-oberhausen"],"_links":{"self":[{"href":"https:\/\/meier-gerdingh.de\/wp-spd-ob\/wp-json\/wp\/v2\/posts\/10968","targetHints":{"allow":["GET"]}}],"collection":[{"href":"https:\/\/meier-gerdingh.de\/wp-spd-ob\/wp-json\/wp\/v2\/posts"}],"about":[{"href":"https:\/\/meier-gerdingh.de\/wp-spd-ob\/wp-json\/wp\/v2\/types\/post"}],"author":[{"embeddable":true,"href":"https:\/\/meier-gerdingh.de\/wp-spd-ob\/wp-json\/wp\/v2\/users\/1"}],"replies":[{"embeddable":true,"href":"https:\/\/meier-gerdingh.de\/wp-spd-ob\/wp-json\/wp\/v2\/comments?post=10968"}],"version-history":[{"count":0,"href":"https:\/\/meier-gerdingh.de\/wp-spd-ob\/wp-json\/wp\/v2\/posts\/10968\/revisions"}],"wp:attachment":[{"href":"https:\/\/meier-gerdingh.de\/wp-spd-ob\/wp-json\/wp\/v2\/media?parent=10968"}],"wp:term":[{"taxonomy":"category","embeddable":true,"href":"https:\/\/meier-gerdingh.de\/wp-spd-ob\/wp-json\/wp\/v2\/categories?post=10968"},{"taxonomy":"post_tag","embeddable":true,"href":"https:\/\/meier-gerdingh.de\/wp-spd-ob\/wp-json\/wp\/v2\/tags?post=10968"},{"taxonomy":"quellen","embeddable":true,"href":"https:\/\/meier-gerdingh.de\/wp-spd-ob\/wp-json\/wp\/v2\/quellen?post=10968"}],"curies":[{"name":"wp","href":"https:\/\/api.w.org\/{rel}","templated":true}]}}