{"id":10973,"date":"2023-11-02T20:47:33","date_gmt":"2023-11-02T19:47:33","guid":{"rendered":"https:\/\/meier-gerdingh.de\/wp-spd-ob\/?p=10973"},"modified":"2023-11-02T20:47:33","modified_gmt":"2023-11-02T19:47:33","slug":"mit-steuermehreinnahmen-die-kitas-und-den-ganztag-retten","status":"publish","type":"post","link":"https:\/\/meier-gerdingh.de\/wp-spd-ob\/2023\/11\/02\/mit-steuermehreinnahmen-die-kitas-und-den-ganztag-retten\/","title":{"rendered":"Mit Steuermehreinnahmen die Kitas und den Ganztag retten"},"content":{"rendered":"<div id=\"attachment_9529\" style=\"width: 170px\" class=\"wp-caption alignleft\"><a href=\"https:\/\/meier-gerdingh.de\/wp-spd-ob\/wp-content\/uploads\/2022\/10\/zimkeit-stefan-22-lg.jpg\"><img aria-describedby=\"caption-attachment-9529\" decoding=\"async\" class=\"size-full wp-image-9529\" src=\"https:\/\/meier-gerdingh.de\/wp-spd-ob\/wp-content\/uploads\/2022\/10\/zimkeit-stefan-22.jpg\" alt=\"\" width=\"160\" height=\"200\" \/><\/a><p id=\"caption-attachment-9529\" class=\"wp-caption-text\">Stefan Zimkeit ist Landtagsabgeordneter f\u00fcr Oberhausen-Sterkrade und Dinslaken<\/p><\/div>\n<p>Der Abgeordnete Stefan Zimkeit setzt sich daf\u00fcr ein, die unerwarteten Steuermehreinnahmen in Kitas, offenen Ganztagsgrundschulen und Schulsozialarbeit zu stecken. &#8222;NRW kann zus\u00e4tzlich mit mehr als 500 Millionen Euro rechnen&#8220;, weist der SPD-Finanzexperte auf die aktuelle Steuersch\u00e4tzung hin. Zimkeit m\u00f6chte, dass das NRW-Finanzministerium umgehend einen Nachtragshaushalt aufstellt.<\/p>\n<p>&#8222;Das Geld wird bei den Wohlfahrtsverb\u00e4nden, die nicht mehr wissen, wie sie die Kitas und Ganztagsangebote finanzieren sollen, dringend ben\u00f6tigt.&#8220; Zuletzt h\u00e4tten sowohl die evangelische Kinderwelt in Dinslaken als auch die AWO in Oberhausen \u00f6ffentlich auf die unzumutbare Situation hingewiesen.<!--more--><\/p>\n<p>&#8222;Den anderen Tr\u00e4gerverb\u00e4nden geht es nicht besser, einige stehen sogar vor der Insolvenz&#8220;, warnt Stefan Zimkeit. &#8222;Die Leidtragen werden die Kinder, denen wichtige Bildungschancen genommen werden, und die Eltern sein, die auf ein verl\u00e4ssliches Betreuungsangebot angewiesen sind.&#8220;<\/p>\n<p>22.000 Menschen seien in der letzten Woche in D\u00fcsseldorf auf die Stra\u00dfe gegangen, um gegen die schwarz-gr\u00fcne Landesregierung zu protestieren. &#8222;Sie haben dies getan, weil sie sich berechtigt Sorgen um die soziale Infrastruktur in NRW machen.&#8220;<\/p>\n<p>Im letzten Jahr seien zwei Milliarden Euro ungenutzt in den Landeshaushalt zur\u00fcckgeflossen, erinnert sich Stefan Zimkeit. &#8222;Damit sich das nicht wiederholt, muss umgehend ein Rettungspaket f\u00fcr die Kinderg\u00e4rten und den Ganztag geschn\u00fcrt werden&#8220;, fordert der Landtagsabgeordnete.<\/p>\n","protected":false},"excerpt":{"rendered":"<p>Der Abgeordnete Stefan Zimkeit setzt sich daf\u00fcr ein, die unerwarteten Steuermehreinnahmen in Kitas, offenen Ganztagsgrundschulen und Schulsozialarbeit zu stecken. &#8222;NRW kann zus\u00e4tzlich mit mehr als 500 Millionen Euro rechnen&#8220;, weist&hellip; <\/p>\n","protected":false},"author":1,"featured_media":0,"comment_status":"closed","ping_status":"closed","sticky":false,"template":"","format":"standard","meta":{"footnotes":""},"categories":[98,216,2],"tags":[848,2566,605,164,1752,565,3828,2553,3810,3827,1021,2333,1784],"quellen":[331],"class_list":["post-10973","post","type-post","status-publish","format-standard","hentry","category-finanzen","category-land","category-schule","tag-awo-oberhausen","tag-ganztagsschulen","tag-kindergaerten","tag-kindertageseinrichtungen","tag-ktes","tag-landeshaushalt","tag-nrw-finanzministerium","tag-offener-ganztag","tag-soziale-infrastruktur","tag-steuermehreinnahmen","tag-steuern","tag-steuerschaetzung","tag-wohlfahrtsverbaende","quellen-mdl-stefan-zimkeit"],"_links":{"self":[{"href":"https:\/\/meier-gerdingh.de\/wp-spd-ob\/wp-json\/wp\/v2\/posts\/10973","targetHints":{"allow":["GET"]}}],"collection":[{"href":"https:\/\/meier-gerdingh.de\/wp-spd-ob\/wp-json\/wp\/v2\/posts"}],"about":[{"href":"https:\/\/meier-gerdingh.de\/wp-spd-ob\/wp-json\/wp\/v2\/types\/post"}],"author":[{"embeddable":true,"href":"https:\/\/meier-gerdingh.de\/wp-spd-ob\/wp-json\/wp\/v2\/users\/1"}],"replies":[{"embeddable":true,"href":"https:\/\/meier-gerdingh.de\/wp-spd-ob\/wp-json\/wp\/v2\/comments?post=10973"}],"version-history":[{"count":0,"href":"https:\/\/meier-gerdingh.de\/wp-spd-ob\/wp-json\/wp\/v2\/posts\/10973\/revisions"}],"wp:attachment":[{"href":"https:\/\/meier-gerdingh.de\/wp-spd-ob\/wp-json\/wp\/v2\/media?parent=10973"}],"wp:term":[{"taxonomy":"category","embeddable":true,"href":"https:\/\/meier-gerdingh.de\/wp-spd-ob\/wp-json\/wp\/v2\/categories?post=10973"},{"taxonomy":"post_tag","embeddable":true,"href":"https:\/\/meier-gerdingh.de\/wp-spd-ob\/wp-json\/wp\/v2\/tags?post=10973"},{"taxonomy":"quellen","embeddable":true,"href":"https:\/\/meier-gerdingh.de\/wp-spd-ob\/wp-json\/wp\/v2\/quellen?post=10973"}],"curies":[{"name":"wp","href":"https:\/\/api.w.org\/{rel}","templated":true}]}}