{"id":110,"date":"1999-11-19T17:00:00","date_gmt":"1999-11-19T15:00:00","guid":{"rendered":"http:\/\/www.meier-gerdingh.de\/spd-oberhausen\/wp\/?p=110"},"modified":"2017-03-03T21:36:22","modified_gmt":"2017-03-03T20:36:22","slug":"anstieg-der-gebuehren-in-oberhausen-moderat","status":"publish","type":"post","link":"https:\/\/meier-gerdingh.de\/wp-spd-ob\/1999\/11\/19\/anstieg-der-gebuehren-in-oberhausen-moderat\/","title":{"rendered":"Anstieg der Geb\u00fchren in Oberhausen moderat"},"content":{"rendered":"<div style=\"width: 150px\" class=\"wp-caption alignleft\"><a href=\"http:\/\/meier-gerdingh.de\/wp-spd-ob\/wp-content\/uploads\/janssena.jpg\"><img decoding=\"async\" class=\"size-full\" src=\"http:\/\/meier-gerdingh.de\/wp-spd-ob\/wp-content\/uploads\/janssena.jpg\" alt=\"Anne Jan\u00dfen\" width=\"140\" height=\"181\" \/><\/a><p class=\"wp-caption-text\">Anne Jan\u00dfen<\/p><\/div>\n<p>&#8222;Die zweite Miete wird in Oberhausen keine horrende Steigerung erfahren&#8220;, so kommentiert Anne Jan\u00dfen, Vorsitzende des Umweltausschusses und stellvertretende Fraktionsvorsitzende, die von der Verwaltung vorgelegten Beschl\u00fcsse zu den Geb\u00fchrenerh\u00f6hungen. Ber\u00fccksichtigt man die Faktoren, die die Geb\u00fchren beeinflussen, ist bei den allgemeinen Geb\u00fchrenver\u00e4nderungen festzustellen, dass die Indexsteigerung 2\u00a0Prozent betr\u00e4gt.<!--more--><\/p>\n<p>Bei Stra\u00dfenkehricht und Laub wurde durch Ber\u00fccksichtigung der g\u00fcnstigsten Entsorgungswege erreicht, dass die Kosten f\u00fcr die Entsorgung in diesem Geb\u00fchrenbereich sinken.<\/p>\n<p>&#8222;Beim Niederschlagswasser&#8220;, so Anne Jan\u00dfen weiter, &#8222;musste eine Steigerung der Geb\u00fchren in Kauf genommen werden, weil die Entw\u00e4sserungsverb\u00e4nde ihren Umlagenschl\u00fcssel f\u00fcr die Abwasserabgabe ver\u00e4ndert haben. Die Stadt Oberhausen hatte auf diese Entscheidung der Entw\u00e4sserungsverb\u00e4nde keinen Einflu\u00df. Gleichzeitig steht dieser Geb\u00fchrenerh\u00f6hung eine minimale Steigerung beim Schmutzwasser gegen\u00fcber&#8220;.<\/p>\n<p>&#8222;Die Gesamtsteigerung bei der Abfallbeseitigung betr\u00e4gt im Vergleich zum Vorjahr ca. 1\u00a0Prozent, so dass insgesamt von moderaten Geb\u00fchrenanpassungen gesprochen werden kann&#8220;, stellte Anne Jan\u00dfen weiter fest.<\/p>\n<p>Anne Jan\u00dfen: &#8222;Die B\u00fcrgerinnen und B\u00fcrger haben ein Recht darauf, dass bei der zweiten Miete kein Steigerungsautomatismus entsteht. Wir werden daher bezogen auf die kommenden Jahre die Verwaltung auffordern, die Geb\u00fchren so managen, dass eine stetige und automatische Erh\u00f6hung verhindert wird.&#8220;<\/p>\n","protected":false},"excerpt":{"rendered":"<p>&#8222;Die zweite Miete wird in Oberhausen keine horrende Steigerung erfahren&#8220;, so kommentiert Anne Jan\u00dfen, Vorsitzende des Umweltausschusses und stellvertretende Fraktionsvorsitzende, die von der Verwaltung vorgelegten Beschl\u00fcsse zu den Geb\u00fchrenerh\u00f6hungen. Ber\u00fccksichtigt&hellip; <\/p>\n","protected":false},"author":1,"featured_media":0,"comment_status":"closed","ping_status":"closed","sticky":false,"template":"","format":"standard","meta":{"footnotes":""},"categories":[1],"tags":[],"quellen":[],"class_list":["post-110","post","type-post","status-publish","format-standard","hentry","category-allgemein"],"_links":{"self":[{"href":"https:\/\/meier-gerdingh.de\/wp-spd-ob\/wp-json\/wp\/v2\/posts\/110","targetHints":{"allow":["GET"]}}],"collection":[{"href":"https:\/\/meier-gerdingh.de\/wp-spd-ob\/wp-json\/wp\/v2\/posts"}],"about":[{"href":"https:\/\/meier-gerdingh.de\/wp-spd-ob\/wp-json\/wp\/v2\/types\/post"}],"author":[{"embeddable":true,"href":"https:\/\/meier-gerdingh.de\/wp-spd-ob\/wp-json\/wp\/v2\/users\/1"}],"replies":[{"embeddable":true,"href":"https:\/\/meier-gerdingh.de\/wp-spd-ob\/wp-json\/wp\/v2\/comments?post=110"}],"version-history":[{"count":0,"href":"https:\/\/meier-gerdingh.de\/wp-spd-ob\/wp-json\/wp\/v2\/posts\/110\/revisions"}],"wp:attachment":[{"href":"https:\/\/meier-gerdingh.de\/wp-spd-ob\/wp-json\/wp\/v2\/media?parent=110"}],"wp:term":[{"taxonomy":"category","embeddable":true,"href":"https:\/\/meier-gerdingh.de\/wp-spd-ob\/wp-json\/wp\/v2\/categories?post=110"},{"taxonomy":"post_tag","embeddable":true,"href":"https:\/\/meier-gerdingh.de\/wp-spd-ob\/wp-json\/wp\/v2\/tags?post=110"},{"taxonomy":"quellen","embeddable":true,"href":"https:\/\/meier-gerdingh.de\/wp-spd-ob\/wp-json\/wp\/v2\/quellen?post=110"}],"curies":[{"name":"wp","href":"https:\/\/api.w.org\/{rel}","templated":true}]}}